{"id":65902,"date":"2021-07-22T13:27:53","date_gmt":"2021-07-22T18:27:53","guid":{"rendered":"http:\/\/globalnewsmexico.com\/sitio\/?p=65902"},"modified":"2021-07-22T13:27:56","modified_gmt":"2021-07-22T18:27:56","slug":"amlo-apoya-prorroga-de-un-mes-para-cumplir-con-la-eliminacion-del-outsourcing","status":"publish","type":"post","link":"https:\/\/globalnewsmexico.com\/sitio\/amlo-apoya-prorroga-de-un-mes-para-cumplir-con-la-eliminacion-del-outsourcing\/","title":{"rendered":"AMLO apoya pr\u00f3rroga de un mes para cumplir con la eliminaci\u00f3n del outsourcing"},"content":{"rendered":"\n<p>El presidente\u00a0L\u00f3pez Obrador\u00a0apoya una pr\u00f3rroga\u00a0de un mes, para que las empresas del pa\u00eds concluyan con los cambios y la eliminaci\u00f3n de la\u00a0subcontrataci\u00f3n.<\/p>\n\n\n\n<p>En la\u00a0Conferencia Ma\u00f1anera\u00a0de Palacio Nacional, el mandatario explic\u00f3 que se est\u00e1 constatando que los empresarios del pa\u00eds est\u00e1n ayudando en este cambio y que s\u00ed necesitan m\u00e1s tiempo para ajustarse a la nueva realidad. \u00abLos empresarios nos pidieron una pr\u00f3rroga de un mes, porque les lleva tiempo el que se ajusten a las circunstancias\u00bb, asegur\u00f3.<\/p>\n\n\n\n<p>\u201cNosotros lo vemos bien, porque, si es para que se puedan ajustar a la nueva ley y que no haya la subcontrataci\u00f3n, se considerar\u00e1, para que le vaya bien al&nbsp;trabajador, se contrate con sus prestaciones y que no sea temporal\u201d, dijo.<\/p>\n\n\n\n<p>AMLO aclar\u00f3 que s\u00ed est\u00e1 a favor de esta ampliaci\u00f3n, porque est\u00e1 por vencerse el plazo. Adem\u00e1s, agreg\u00f3 que&nbsp;este tema ya lo analiza el Congreso y es probable que se den los cambios en el plazo, por lo que se actuar\u00e1 con prudencia.<\/p>\n\n\n\n<p>El Heraldo de M\u00e9xico\u00a0public\u00f3 que cerca de 75 por ciento (unos tres millones de trabajadores) todav\u00eda no son integrados a las plantillas laborales de manera formal por sus patrones. Se explic\u00f3 que en el \u00faltimo corte de la\u00a0Secretar\u00eda del Trabajo y Previsi\u00f3n Social\u00a0(STPS) s\u00f3lo un mill\u00f3n de trabajadores han sido regularizados, es decir, el 25 por ciento de los cuatro millones de trabajadores, est\u00e1n bajo el esquema de subcontrataci\u00f3n abusiva.<\/p>\n\n\n\n<p>El s\u00e1bado 24 de julio vence el plazo de tres meses para que las empresas regularicen la subcontrataci\u00f3n de sus empleados.<\/p>\n\n\n\n<p>Fuente: El Heraldo de M\u00e9xico<\/p>\n\n\n\n<p><\/p>\n","protected":false},"excerpt":{"rendered":"<p>El presidente\u00a0L\u00f3pez Obrador\u00a0apoya una pr\u00f3rroga\u00a0de un mes, para que las empresas del pa\u00eds concluyan con los cambios y la eliminaci\u00f3n de la\u00a0subcontrataci\u00f3n. En la\u00a0Conferencia Ma\u00f1anera\u00a0de Palacio Nacional, el mandatario explic\u00f3 que se est\u00e1 constatando que los empresarios del pa\u00eds est\u00e1n ayudando en este cambio y que s\u00ed necesitan m\u00e1s tiempo para ajustarse a la nueva<a class=\"read-more\" href=\"https:\/\/globalnewsmexico.com\/sitio\/amlo-apoya-prorroga-de-un-mes-para-cumplir-con-la-eliminacion-del-outsourcing\/\">Leer m\u00e1s<\/a><\/p>\n","protected":false},"author":5,"featured_media":65903,"comment_status":"closed","ping_status":"open","sticky":false,"template":"","format":"standard","meta":{"spay_email":"","footnotes":""},"categories":[37,8,49,52],"tags":[],"jetpack_featured_media_url":"https:\/\/i2.wp.com\/globalnewsmexico.com\/sitio\/wp-content\/uploads\/2021\/07\/22-de-julio-1.jpg?fit=1040%2C585&ssl=1","jetpack_sharing_enabled":true,"jetpack_shortlink":"https:\/\/wp.me\/p9yqPL-h8W","jetpack_likes_enabled":true,"_links":{"self":[{"href":"https:\/\/globalnewsmexico.com\/sitio\/wp-json\/wp\/v2\/posts\/65902"}],"collection":[{"href":"https:\/\/globalnewsmexico.com\/sitio\/wp-json\/wp\/v2\/posts"}],"about":[{"href":"https:\/\/globalnewsmexico.com\/sitio\/wp-json\/wp\/v2\/types\/post"}],"author":[{"embeddable":true,"href":"https:\/\/globalnewsmexico.com\/sitio\/wp-json\/wp\/v2\/users\/5"}],"replies":[{"embeddable":true,"href":"https:\/\/globalnewsmexico.com\/sitio\/wp-json\/wp\/v2\/comments?post=65902"}],"version-history":[{"count":0,"href":"https:\/\/globalnewsmexico.com\/sitio\/wp-json\/wp\/v2\/posts\/65902\/revisions"}],"wp:featuredmedia":[{"embeddable":true,"href":"https:\/\/globalnewsmexico.com\/sitio\/wp-json\/wp\/v2\/media\/65903"}],"wp:attachment":[{"href":"https:\/\/globalnewsmexico.com\/sitio\/wp-json\/wp\/v2\/media?parent=65902"}],"wp:term":[{"taxonomy":"category","embeddable":true,"href":"https:\/\/globalnewsmexico.com\/sitio\/wp-json\/wp\/v2\/categories?post=65902"},{"taxonomy":"post_tag","embeddable":true,"href":"https:\/\/globalnewsmexico.com\/sitio\/wp-json\/wp\/v2\/tags?post=65902"}],"curies":[{"name":"wp","href":"https:\/\/api.w.org\/{rel}","templated":true}]}}