{"id":65920,"date":"2021-07-23T15:22:04","date_gmt":"2021-07-23T20:22:04","guid":{"rendered":"http:\/\/globalnewsmexico.com\/sitio\/?p=65920"},"modified":"2021-07-23T15:22:07","modified_gmt":"2021-07-23T20:22:07","slug":"cdmx-vacunara-contra-covid-a-mayores-de-18-anos-la-proxima-semana","status":"publish","type":"post","link":"https:\/\/globalnewsmexico.com\/sitio\/cdmx-vacunara-contra-covid-a-mayores-de-18-anos-la-proxima-semana\/","title":{"rendered":"CdMx vacunar\u00e1 contra covid a mayores de 18 a\u00f1os la pr\u00f3xima semana"},"content":{"rendered":"\n<p>La\u00a0vacunaci\u00f3n contra covid-19 para j\u00f3venes de 18 a 29 a\u00f1os\u00a0comenzar\u00e1 la pr\u00f3xima semana en la Ciudad de M\u00e9xico, inform\u00f3 Eduardo Clark,\u00a0director general de Agencia Digital de Innovaci\u00f3n P\u00fablica (ADIP).<\/p>\n\n\n\n<p>\u00abDe 18 a 29 a\u00f1os; a partir de la pr\u00f3xima semana empezaremos con este grupo de edad, que es el grupo m\u00e1s joven\u00bb.<\/p>\n\n\n\n<p>Con conferencia virtual, el funcionario indic\u00f3 que ma\u00f1ana\u00a0se dar\u00e1n m\u00e1s detalles\u00a0sobre las jornadas de vacunaci\u00f3n, con aspectos como las\u00a0alcald\u00edas donde iniciar\u00e1 la inmunizaci\u00f3n, las sedes y los horarios.<\/p>\n\n\n\n<p>Las autoridades capitalinas esperan\u00a0vacunar a cerca de un tercio de la poblaci\u00f3n\u00a0de este grupo de edad en una semana y, \u00abde esta manera, las proyecciones que tenemos es que es muy posible que durante el mes de agosto, inclusive antes, lleguemos al\u00a0cien por ciento de cobertura\u00a0de primera dosis\u00bb.<\/p>\n\n\n\n<p>La jefa de Gobierno,\u00a0Claudia Sheinbaum, asever\u00f3 que el 27 de julio estar\u00e1 completa la\u00a0vacunaci\u00f3n de primera dosis\u00a0para las personas mayores de 30 a\u00f1os en la Ciudad de M\u00e9xico.<\/p>\n\n\n\n<p>\u00abA\u00fan con la situaci\u00f3n de la pandemia en la ciudad, nuestro objetivo es vacunar, vacunar, vacunar y pedirle a toda la ciudadan\u00eda, particular a los j\u00f3venes, que nos\u00a0cuidemos y evitemos contagiar a los dem\u00e1s\u00bb.<\/p>\n\n\n\n<p>Fuente: Milenio<\/p>\n\n\n\n<p><\/p>\n","protected":false},"excerpt":{"rendered":"<p>La\u00a0vacunaci\u00f3n contra covid-19 para j\u00f3venes de 18 a 29 a\u00f1os\u00a0comenzar\u00e1 la pr\u00f3xima semana en la Ciudad de M\u00e9xico, inform\u00f3 Eduardo Clark,\u00a0director general de Agencia Digital de Innovaci\u00f3n P\u00fablica (ADIP). \u00abDe 18 a 29 a\u00f1os; a partir de la pr\u00f3xima semana empezaremos con este grupo de edad, que es el grupo m\u00e1s joven\u00bb. Con conferencia virtual,<a class=\"read-more\" href=\"https:\/\/globalnewsmexico.com\/sitio\/cdmx-vacunara-contra-covid-a-mayores-de-18-anos-la-proxima-semana\/\">Leer m\u00e1s<\/a><\/p>\n","protected":false},"author":5,"featured_media":65921,"comment_status":"closed","ping_status":"open","sticky":false,"template":"","format":"standard","meta":{"spay_email":"","footnotes":""},"categories":[37,8,49,52],"tags":[],"jetpack_featured_media_url":"https:\/\/i1.wp.com\/globalnewsmexico.com\/sitio\/wp-content\/uploads\/2021\/07\/23-de-julio.jpeg?fit=1040%2C647&ssl=1","jetpack_sharing_enabled":true,"jetpack_shortlink":"https:\/\/wp.me\/p9yqPL-h9e","jetpack_likes_enabled":true,"_links":{"self":[{"href":"https:\/\/globalnewsmexico.com\/sitio\/wp-json\/wp\/v2\/posts\/65920"}],"collection":[{"href":"https:\/\/globalnewsmexico.com\/sitio\/wp-json\/wp\/v2\/posts"}],"about":[{"href":"https:\/\/globalnewsmexico.com\/sitio\/wp-json\/wp\/v2\/types\/post"}],"author":[{"embeddable":true,"href":"https:\/\/globalnewsmexico.com\/sitio\/wp-json\/wp\/v2\/users\/5"}],"replies":[{"embeddable":true,"href":"https:\/\/globalnewsmexico.com\/sitio\/wp-json\/wp\/v2\/comments?post=65920"}],"version-history":[{"count":0,"href":"https:\/\/globalnewsmexico.com\/sitio\/wp-json\/wp\/v2\/posts\/65920\/revisions"}],"wp:featuredmedia":[{"embeddable":true,"href":"https:\/\/globalnewsmexico.com\/sitio\/wp-json\/wp\/v2\/media\/65921"}],"wp:attachment":[{"href":"https:\/\/globalnewsmexico.com\/sitio\/wp-json\/wp\/v2\/media?parent=65920"}],"wp:term":[{"taxonomy":"category","embeddable":true,"href":"https:\/\/globalnewsmexico.com\/sitio\/wp-json\/wp\/v2\/categories?post=65920"},{"taxonomy":"post_tag","embeddable":true,"href":"https:\/\/globalnewsmexico.com\/sitio\/wp-json\/wp\/v2\/tags?post=65920"}],"curies":[{"name":"wp","href":"https:\/\/api.w.org\/{rel}","templated":true}]}}