{"id":65979,"date":"2021-07-29T19:15:54","date_gmt":"2021-07-30T00:15:54","guid":{"rendered":"http:\/\/globalnewsmexico.com\/sitio\/?p=65979"},"modified":"2021-07-29T19:15:58","modified_gmt":"2021-07-30T00:15:58","slug":"tendria-veracruz-ley-pro-lactancia-materna","status":"publish","type":"post","link":"https:\/\/globalnewsmexico.com\/sitio\/tendria-veracruz-ley-pro-lactancia-materna\/","title":{"rendered":"Tendr\u00eda Veracruz ley pro lactancia materna"},"content":{"rendered":"\n<p>Turnan a la Comisi\u00f3n de Salud y Asistencia la iniciativa de la diputada Cristina Alarc\u00f3n Guti\u00e9rrez, que busca garantizar la alimentaci\u00f3n de la ni\u00f1ez.<\/p>\n\n\n\n<p>La diputada Cristina Alarc\u00f3n Guti\u00e9rrez present\u00f3 la Iniciativa de Ley para el Fomento, Apoyo y Protecci\u00f3n de la Lactancia Materna del Estado de Veracruz de Ignacio de la Llave, a fin de que, desde el marco jur\u00eddico, se establezcan condiciones suficientes para garantizar la atenci\u00f3n y soluci\u00f3n efectiva a la alimentaci\u00f3n de la ni\u00f1ez.<\/p>\n\n\n\n<p>Durante la S\u00e9ptima Sesi\u00f3n Ordinaria del Segundo Per\u00edodo de Sesiones Ordinarias del Tercer A\u00f1o de Ejercicio Constitucional, la Presidenta de la Comisi\u00f3n Permanente de Derechos de la Ni\u00f1ez y la Familia reconoci\u00f3 la relevancia de la lactancia materna para la salud y el desarrollo y crecimiento de las ni\u00f1as y los ni\u00f1os.<\/p>\n\n\n\n<p>En v\u00edsperas de la Semana Mundial de la Lactancia Materna, que se celebra del 1 al 7 de agosto, refiri\u00f3 las recomendaciones de la Organizaci\u00f3n Mundial de la Salud y del Fondo de las Naciones Unidas para la Infancia (Unicef) para que la leche materna sea el \u00fanico alimento a consumir por reci\u00e9n nacidos hasta los seis meses de edad.<\/p>\n\n\n\n<p>La legisladora habl\u00f3 tambi\u00e9n de diferentes estudios, seg\u00fan los cuales, la leche materna proporciona a los beb\u00e9s todos los nutrientes que necesitan para crecer y que su sistema inmunol\u00f3gico se desarrolle plenamente, ya que contiene sustancias que protegen contra infecciones y alergias.<\/p>\n\n\n\n<p>Explic\u00f3 que este proyecto de ley, de seis cap\u00edtulos, 31 art\u00edculos y seis transitorios, busca: generar conciencia entre sociedad y autoridades en torno al fomento, apoyo y promoci\u00f3n de la lactancia materna, otorgar atribuciones y obligaciones a las autoridades estatales y prever derechos y obligaciones inherentes a la lactancia materna.<\/p>\n\n\n\n<p>Adem\u00e1s, establecer especificaciones respecto del lactario hospitalario, la sala de lactancia, los bancos de leche humana y las estancias infantiles, guarder\u00eda y maternales, contemplar la nominaci\u00f3n en la iniciativa Hospital Amigo del Ni\u00f1o y la Ni\u00f1a y desarrollar un cat\u00e1logo de sanciones que ser\u00e1n aplicables ante el incumplimiento de esta Ley, una vez en vigor.<\/p>\n\n\n\n<p>Finalmente, destac\u00f3 y agradeci\u00f3 el trabajo y la participaci\u00f3n de la Secretar\u00eda de Salud del estado: a las doctoras Concepci\u00f3n Arrazate Garc\u00eda, Mar\u00eda Luisa S\u00e1nchez Murrieta y Jessica R\u00edos Mercadante; a los directores de Atenci\u00f3n M\u00e9dica, Alejandro del \u00c1ngel Aguilar, y de Salud P\u00fablica, Salvador Berist\u00e1in Hern\u00e1ndez, y a las doctoras Clara Luz Sampieri Ram\u00edrez, de la Universidad Veracruzana (UV), y Elena Escalante Ucha, de la Sociedad Veracruzana de Salud P\u00fablica.<\/p>\n\n\n\n<p>As\u00ed como a las secretar\u00edas de Educaci\u00f3n de Veracruz (SEV) y de Trabajo, Previsi\u00f3n Social y Productividad (STPSP), al Sistema de Protecci\u00f3n de Ni\u00f1as, Ni\u00f1os y Adolescentes del Estado de Veracruz (Sipinna), asociaciones civiles, asesores del Poder Legislativo y especialistas en la materia, para la elaboraci\u00f3n de la propuesta.<\/p>\n\n\n\n<p>Con la adhesi\u00f3n del Grupo Legislativo Mixto de Morena y de la diputada Libni Adaelsi S\u00e1nchez N\u00fa\u00f1ez, esta iniciativa fue turnada a la Comisi\u00f3n Permanente de Salud y Asistencia.<\/p>\n\n\n\n<p>Fuente: Redacci\u00f3n<\/p>\n\n\n\n<p><\/p>\n","protected":false},"excerpt":{"rendered":"<p>Turnan a la Comisi\u00f3n de Salud y Asistencia la iniciativa de la diputada Cristina Alarc\u00f3n Guti\u00e9rrez, que busca garantizar la alimentaci\u00f3n de la ni\u00f1ez. La diputada Cristina Alarc\u00f3n Guti\u00e9rrez present\u00f3 la Iniciativa de Ley para el Fomento, Apoyo y Protecci\u00f3n de la Lactancia Materna del Estado de Veracruz de Ignacio de la Llave, a fin<a class=\"read-more\" href=\"https:\/\/globalnewsmexico.com\/sitio\/tendria-veracruz-ley-pro-lactancia-materna\/\">Leer m\u00e1s<\/a><\/p>\n","protected":false},"author":5,"featured_media":65980,"comment_status":"closed","ping_status":"open","sticky":false,"template":"","format":"standard","meta":{"spay_email":"","footnotes":""},"categories":[37,8,42,52],"tags":[],"jetpack_featured_media_url":"https:\/\/i2.wp.com\/globalnewsmexico.com\/sitio\/wp-content\/uploads\/2021\/07\/29-de-julio-2.jpg?fit=1040%2C693&ssl=1","jetpack_sharing_enabled":true,"jetpack_shortlink":"https:\/\/wp.me\/p9yqPL-hab","jetpack_likes_enabled":true,"_links":{"self":[{"href":"https:\/\/globalnewsmexico.com\/sitio\/wp-json\/wp\/v2\/posts\/65979"}],"collection":[{"href":"https:\/\/globalnewsmexico.com\/sitio\/wp-json\/wp\/v2\/posts"}],"about":[{"href":"https:\/\/globalnewsmexico.com\/sitio\/wp-json\/wp\/v2\/types\/post"}],"author":[{"embeddable":true,"href":"https:\/\/globalnewsmexico.com\/sitio\/wp-json\/wp\/v2\/users\/5"}],"replies":[{"embeddable":true,"href":"https:\/\/globalnewsmexico.com\/sitio\/wp-json\/wp\/v2\/comments?post=65979"}],"version-history":[{"count":0,"href":"https:\/\/globalnewsmexico.com\/sitio\/wp-json\/wp\/v2\/posts\/65979\/revisions"}],"wp:featuredmedia":[{"embeddable":true,"href":"https:\/\/globalnewsmexico.com\/sitio\/wp-json\/wp\/v2\/media\/65980"}],"wp:attachment":[{"href":"https:\/\/globalnewsmexico.com\/sitio\/wp-json\/wp\/v2\/media?parent=65979"}],"wp:term":[{"taxonomy":"category","embeddable":true,"href":"https:\/\/globalnewsmexico.com\/sitio\/wp-json\/wp\/v2\/categories?post=65979"},{"taxonomy":"post_tag","embeddable":true,"href":"https:\/\/globalnewsmexico.com\/sitio\/wp-json\/wp\/v2\/tags?post=65979"}],"curies":[{"name":"wp","href":"https:\/\/api.w.org\/{rel}","templated":true}]}}