{"id":66002,"date":"2021-07-31T11:24:28","date_gmt":"2021-07-31T16:24:28","guid":{"rendered":"http:\/\/globalnewsmexico.com\/sitio\/?p=66002"},"modified":"2021-07-31T11:24:32","modified_gmt":"2021-07-31T16:24:32","slug":"veracruz-se-pinta-de-rojo-y-naranja-en-semaforo-por-covid-19","status":"publish","type":"post","link":"https:\/\/globalnewsmexico.com\/sitio\/veracruz-se-pinta-de-rojo-y-naranja-en-semaforo-por-covid-19\/","title":{"rendered":"Veracruz se &#8216;pinta&#8217; de rojo y naranja en sem\u00e1foro por covid-19"},"content":{"rendered":"\n<p>Por primera vez, desde que inici\u00f3 la\u00a0semaforizaci\u00f3n municipal\u00a0por coronavirus,\u00a0Veracruz registra solo un municipio de los 212 en color verde.<\/p>\n\n\n\n<p>A partir del lunes 2 y hasta el 15 de agosto, 50 municipios estar\u00e1n en rojo, 148 naranja y 13 en amarillo.\u00a0Cerro Azul, ubicado en el norte de la entidad, es el \u00fanico en verde y considerado de riesgo bajo.Te recomendamos:\u00a0Mapa del coronavirus en M\u00e9xico: Edomex, entidad con m\u00e1s muertes<\/p>\n\n\n\n<p>En el sem\u00e1foro epidemiol\u00f3gico, que estar\u00e1 vigente hasta ma\u00f1ana, hab\u00eda 68 municipios en verde, 99 amarillos, 41 naranja y solo 4 rojos.<\/p>\n\n\n\n<p>El \u00faltimo reporte de la\u00a0Secretar\u00eda de Salud, indica que se tuvieron 802 casos de coronavirus y 33 fallecimientos en 24 horas.\u00a0Se acumulan as\u00ed, 79 mil 298 casos confirmados, y 10 mil 580 fallecimientos.<\/p>\n\n\n\n<figure class=\"wp-block-image\"><img decoding=\"async\" src=\"https:\/\/i2.wp.com\/imagenes.milenio.com\/faMDWjeXDl0xatYuD3xfDl5A4FU=\/618x348\/https:\/\/www.milenio.com\/uploads\/media\/2021\/07\/31\/semaforo-epidemiologico-veracruz-julio-agosto_0_0_1197_713.jpeg?w=800&#038;ssl=1\" alt=\"\" data-recalc-dims=\"1\"\/><\/figure>\n\n\n\n<p>Sem\u00e1foro epidemiol\u00f3gico en Veracruz del 19 de julio al 1 de agosto de 2021. (Especial)<\/p>\n\n\n\n<p>En cuanto a la incidencia de contagios activos, se consideran positivos 5 mil 244 y sospechosos mil 225.<\/p>\n\n\n\n<p>Adem\u00e1s, se inform\u00f3 que el 31 de julio y 1 de agosto estar\u00e1 suspendido el Plan Nacional de Vacunaci\u00f3n debido a la\u00a0consulta popular.\u00a0Las jornadas de inmunizaci\u00f3n continuar\u00e1n el lunes 02 de agosto.<\/p>\n\n\n\n<p>Fuente: Milenio<\/p>\n\n\n\n<p><\/p>\n","protected":false},"excerpt":{"rendered":"<p>Por primera vez, desde que inici\u00f3 la\u00a0semaforizaci\u00f3n municipal\u00a0por coronavirus,\u00a0Veracruz registra solo un municipio de los 212 en color verde. A partir del lunes 2 y hasta el 15 de agosto, 50 municipios estar\u00e1n en rojo, 148 naranja y 13 en amarillo.\u00a0Cerro Azul, ubicado en el norte de la entidad, es el \u00fanico en verde y<a class=\"read-more\" href=\"https:\/\/globalnewsmexico.com\/sitio\/veracruz-se-pinta-de-rojo-y-naranja-en-semaforo-por-covid-19\/\">Leer m\u00e1s<\/a><\/p>\n","protected":false},"author":5,"featured_media":66003,"comment_status":"closed","ping_status":"open","sticky":false,"template":"","format":"standard","meta":{"spay_email":"","footnotes":""},"categories":[37,8,49,52],"tags":[],"jetpack_featured_media_url":"https:\/\/i1.wp.com\/globalnewsmexico.com\/sitio\/wp-content\/uploads\/2021\/07\/31-de-julio.jpeg?fit=1040%2C647&ssl=1","jetpack_sharing_enabled":true,"jetpack_shortlink":"https:\/\/wp.me\/p9yqPL-hay","jetpack_likes_enabled":true,"_links":{"self":[{"href":"https:\/\/globalnewsmexico.com\/sitio\/wp-json\/wp\/v2\/posts\/66002"}],"collection":[{"href":"https:\/\/globalnewsmexico.com\/sitio\/wp-json\/wp\/v2\/posts"}],"about":[{"href":"https:\/\/globalnewsmexico.com\/sitio\/wp-json\/wp\/v2\/types\/post"}],"author":[{"embeddable":true,"href":"https:\/\/globalnewsmexico.com\/sitio\/wp-json\/wp\/v2\/users\/5"}],"replies":[{"embeddable":true,"href":"https:\/\/globalnewsmexico.com\/sitio\/wp-json\/wp\/v2\/comments?post=66002"}],"version-history":[{"count":0,"href":"https:\/\/globalnewsmexico.com\/sitio\/wp-json\/wp\/v2\/posts\/66002\/revisions"}],"wp:featuredmedia":[{"embeddable":true,"href":"https:\/\/globalnewsmexico.com\/sitio\/wp-json\/wp\/v2\/media\/66003"}],"wp:attachment":[{"href":"https:\/\/globalnewsmexico.com\/sitio\/wp-json\/wp\/v2\/media?parent=66002"}],"wp:term":[{"taxonomy":"category","embeddable":true,"href":"https:\/\/globalnewsmexico.com\/sitio\/wp-json\/wp\/v2\/categories?post=66002"},{"taxonomy":"post_tag","embeddable":true,"href":"https:\/\/globalnewsmexico.com\/sitio\/wp-json\/wp\/v2\/tags?post=66002"}],"curies":[{"name":"wp","href":"https:\/\/api.w.org\/{rel}","templated":true}]}}