{"id":66010,"date":"2021-08-02T19:41:59","date_gmt":"2021-08-03T00:41:59","guid":{"rendered":"http:\/\/globalnewsmexico.com\/sitio\/?p=66010"},"modified":"2021-08-02T19:42:04","modified_gmt":"2021-08-03T00:42:04","slug":"siete-millones-de-sies-parlamento-veracruz-juan-javier-gomez-cazarin","status":"publish","type":"post","link":"https:\/\/globalnewsmexico.com\/sitio\/siete-millones-de-sies-parlamento-veracruz-juan-javier-gomez-cazarin\/","title":{"rendered":"Siete millones de \u201cs\u00edes\u201d. Parlamento Veracruz. Juan Javier G\u00f3mez Cazar\u00edn*."},"content":{"rendered":"\n<p>Ayer participamos en la primera Consulta Popular de la historia de M\u00e9xico.<\/p>\n\n\n\n<p>Hoy lunes hay voces que quieren negar el \u00e9xito de nuestra Consulta. Quieren ningunear a m\u00e1s de 7 millones de mexicanas y mexicanos que nos pronunciamos a favor del \u201cs\u00ed\u201d. Y quieren ocultar que hubo una deliberada campa\u00f1a para boicotear la Consulta. Pero como les dijo una vez el presidente Andr\u00e9s Manuel L\u00f3pez Obrador: est\u00e1n moralmente derrotados.<\/p>\n\n\n\n<p>Dicen que las comparaciones son odiosas pero hasta ahorita nadie ha dicho que sean innecesarias o mentirosas.<\/p>\n\n\n\n<p>La consulta popular m\u00e1s famosa del mundo en los \u00faltimos tiempos es el Brexit. En junio de 2016 se le pregunt\u00f3 al pueblo brit\u00e1nico si quer\u00eda permanecer o abandonar la Uni\u00f3n Europea. El porcentaje de participaci\u00f3n en esa ocasi\u00f3n fue de 72 por ciento de los votantes registrados.<\/p>\n\n\n\n<p>\u00bfSaben cu\u00e1nto dur\u00f3 la campa\u00f1a del Brexit? Ocho meses. \u00bfSaben cu\u00e1nto dur\u00f3 la campa\u00f1a del INE en la Consulta Popular de ayer? 15 d\u00edas.<\/p>\n\n\n\n<p>Le podemos seguir: en el Brexit los partidarios del \u201cpermanecer\u201d y del \u201cabandonar\u201d tuvieron permitido gastar 7 millones de libras y, de hecho, les dieron 600 mil de fondos p\u00fablicos. Tuvieron acceso ilimitado y gratuito al correo postal \u2013muy usado por aquel pa\u00eds- y espacios de televisi\u00f3n \u2013que all\u00e1 es p\u00fablica-.<\/p>\n\n\n\n<p>Aqu\u00ed el INE prohibi\u00f3 hacer campa\u00f1a en medios electr\u00f3nicos y tuvimos que usar nuestras redes personales. Ni hablar de spots de radio o televisi\u00f3n.<\/p>\n\n\n\n<p>En Reino Unido las y los Ministros del Gabinete pod\u00edan hacer campa\u00f1a libremente a favor o en contra. Aqu\u00ed hubo 16 d\u00edas de veda electoral.<\/p>\n\n\n\n<p>Y m\u00e1s: cuando una encuesta determin\u00f3 que el 85 por ciento de la poblaci\u00f3n brit\u00e1nica no estaba bien informada sobre el refer\u00e9ndum (otro nombre de la Consulta Popular) el Gobierno mand\u00f3 un volante impreso a cada domicilio del Reino Unido.<\/p>\n\n\n\n<p>Aqu\u00ed el INE cambi\u00f3 de \u00faltimo momento y sin avisar la ubicaci\u00f3n de algunas mesas receptoras de votos. Varios d\u00edas su p\u00e1gina de Internet para ubicar las mesas tuvo un \u201cfallo t\u00e9cnico\u201d. Tampoco hubo mesas especiales para quienes estaban de viaje o trabajando en otra ciudad.<\/p>\n\n\n\n<p>Con todo eso en contra, la participaci\u00f3n en nuestra Consulta Popular rebas\u00f3 el 7 por ciento del Padr\u00f3n Electoral.<\/p>\n\n\n\n<p>Y tambi\u00e9n con todo eso en contra, algo as\u00ed como el 97 por ciento de los participantes votaron a favor de \u201cs\u00ed\u201d investigar las decisiones pol\u00edticas del pasado, para revelar responsables, traerlos a cuentas y reconocer y resarcir a las v\u00edctimas.<\/p>\n\n\n\n<p>Seg\u00fan los conteos r\u00e1pidos de ayer, los grupos comprometidos con mantener oculto ese pasado de corrupci\u00f3n y atropellos dif\u00edcilmente pasar\u00e1n del 1.5 por ciento de los votos a favor del \u201cno\u201d.<\/p>\n\n\n\n<p>Lo dicho: est\u00e1n moralmente derrotados.<\/p>\n\n\n\n<p>*Diputado Local. Presidente de la Junta de Coordinaci\u00f3n Pol\u00edtica.<\/p>\n\n\n\n<p>Fuente: Redacci\u00f3n<\/p>\n\n\n\n<p><\/p>\n","protected":false},"excerpt":{"rendered":"<p>Ayer participamos en la primera Consulta Popular de la historia de M\u00e9xico. Hoy lunes hay voces que quieren negar el \u00e9xito de nuestra Consulta. Quieren ningunear a m\u00e1s de 7 millones de mexicanas y mexicanos que nos pronunciamos a favor del \u201cs\u00ed\u201d. Y quieren ocultar que hubo una deliberada campa\u00f1a para boicotear la Consulta. Pero<a class=\"read-more\" href=\"https:\/\/globalnewsmexico.com\/sitio\/siete-millones-de-sies-parlamento-veracruz-juan-javier-gomez-cazarin\/\">Leer m\u00e1s<\/a><\/p>\n","protected":false},"author":5,"featured_media":66011,"comment_status":"closed","ping_status":"open","sticky":false,"template":"","format":"standard","meta":{"spay_email":"","footnotes":""},"categories":[37,8,50,52],"tags":[],"jetpack_featured_media_url":"https:\/\/i2.wp.com\/globalnewsmexico.com\/sitio\/wp-content\/uploads\/2021\/08\/2-de-agosto-3.jpg?fit=1040%2C817&ssl=1","jetpack_sharing_enabled":true,"jetpack_shortlink":"https:\/\/wp.me\/p9yqPL-haG","jetpack_likes_enabled":true,"_links":{"self":[{"href":"https:\/\/globalnewsmexico.com\/sitio\/wp-json\/wp\/v2\/posts\/66010"}],"collection":[{"href":"https:\/\/globalnewsmexico.com\/sitio\/wp-json\/wp\/v2\/posts"}],"about":[{"href":"https:\/\/globalnewsmexico.com\/sitio\/wp-json\/wp\/v2\/types\/post"}],"author":[{"embeddable":true,"href":"https:\/\/globalnewsmexico.com\/sitio\/wp-json\/wp\/v2\/users\/5"}],"replies":[{"embeddable":true,"href":"https:\/\/globalnewsmexico.com\/sitio\/wp-json\/wp\/v2\/comments?post=66010"}],"version-history":[{"count":0,"href":"https:\/\/globalnewsmexico.com\/sitio\/wp-json\/wp\/v2\/posts\/66010\/revisions"}],"wp:featuredmedia":[{"embeddable":true,"href":"https:\/\/globalnewsmexico.com\/sitio\/wp-json\/wp\/v2\/media\/66011"}],"wp:attachment":[{"href":"https:\/\/globalnewsmexico.com\/sitio\/wp-json\/wp\/v2\/media?parent=66010"}],"wp:term":[{"taxonomy":"category","embeddable":true,"href":"https:\/\/globalnewsmexico.com\/sitio\/wp-json\/wp\/v2\/categories?post=66010"},{"taxonomy":"post_tag","embeddable":true,"href":"https:\/\/globalnewsmexico.com\/sitio\/wp-json\/wp\/v2\/tags?post=66010"}],"curies":[{"name":"wp","href":"https:\/\/api.w.org\/{rel}","templated":true}]}}