{"id":66037,"date":"2021-08-09T19:25:07","date_gmt":"2021-08-10T00:25:07","guid":{"rendered":"http:\/\/globalnewsmexico.com\/sitio\/?p=66037"},"modified":"2021-08-09T19:25:10","modified_gmt":"2021-08-10T00:25:10","slug":"magistrado-reyes-rodriguez-declinara-a-presidencia-del-tepjf-llama-a-nueva-eleccion","status":"publish","type":"post","link":"https:\/\/globalnewsmexico.com\/sitio\/magistrado-reyes-rodriguez-declinara-a-presidencia-del-tepjf-llama-a-nueva-eleccion\/","title":{"rendered":"Magistrado Reyes Rodr\u00edguez declinar\u00e1 a presidencia del TEPJF; llama a nueva elecci\u00f3n"},"content":{"rendered":"\n<p>Luego de haber sido designado presidente de la\u00a0Tribunal Electoral del Poder Judicial de la Federaci\u00f3n\u00a0durante la sesi\u00f3n de dicho organismo el 4 de agosto, el magistrado\u00a0Reyes Rodr\u00edguez Mondrag\u00f3n\u00a0present\u00f3 esta tarde su renuncia ya que su designaci\u00f3n \u00abno se tom\u00f3 con todos y todas presentes\u00a0y ejerciendo su voto\u00bb.<\/p>\n\n\n\n<p>\u201cMe toca estar a la altura de mi tiempo. Me toca incidir en la reconciliaci\u00f3n y la concordia interna. Para ello, voy a dar un paso a un lado para que el tribunal camine hacia adelante. Declinar\u00e9 presidir este tribunal constitucional para que, en un proceso claro y transparente, entre todos y todas las integrantes de este \u00f3rgano, podamos elegir a quien lo presida.\u00a0Es por estas razones que presentar\u00e9 mi renuncia a la presidencia que eman\u00f3 de la sesi\u00f3n p\u00fablica del pasado 4 de agosto\u201d, se\u00f1al\u00f3 en una carta difundida esta tarde a trav\u00e9s de sus redes sociales.<\/p>\n\n\n\n<p>El magistrado se\u00f1al\u00f3 que era importante reconocer que la decisi\u00f3n de designarlo como\u00a0presidente del Tribunal Electoral del Poder Judicial de la Federaci\u00f3n,\u00a0si bien por mayor\u00eda, fue decisi\u00f3n tomada en ausencia de dos magistraturas, la de\u00a0Jos\u00e9 Luis Vargas y la de M\u00f3nica Soto.<\/p>\n\n\n\n<p>Por lo que destac\u00f3 que \u201cun \u00f3rgano colegiado debe cuidar siempre que en sus decisiones participen todos sus integrantes, pues es una regla clave en la democracia para legitimar sus resultados\u00bb.<\/p>\n\n\n\n<p>\u201cY eso se requiere en la elecci\u00f3n del nuevo presidente o presidenta del\u00a0Tribunal Electoral.\u00a0Esa voz colectiva del tribunal se afianza nuestra autoridad y nuestra legitimidad. Esa voz colectiva estuvo mayoritariamente presente cuando se tom\u00f3 la decisi\u00f3n de designarse como presidente. Sin embargo, no se tom\u00f3 con todos y todas las presentes y ejerciendo su voto.<\/p>\n\n\n\n<p>\u201cLa presidencia\u00a0tiene que nacer del amplio consenso de quienes integran al tribunal\u00a0y es un proceso que incluya las voces de todas las y los magistrados que integran el pleno. Desafortunadamente esto no se dio en la sesi\u00f3n pasada, la cual no es sino una muestra m\u00e1s de que el tribunal electoral pasa por una situaci\u00f3n en la que es necesaria la reconciliaci\u00f3n\u201d.<\/p>\n\n\n\n<p>Rodr\u00edguez Mondrag\u00f3n\u00a0agreg\u00f3 que la crisis en la Sala Superior es el resultado de una cadena de acontecimientos que sin duda, ha puesto aprueba la independencia e imparcialidad de este tribunal.<\/p>\n\n\n\n<p>Por lo que hizo un llamado para que en conjunto se fortalezca la instituci\u00f3n.<\/p>\n\n\n\n<p>\u201cLo que propongo es ver hacia el futuro y abrir el debate y la deliberaci\u00f3n para que el el\u00a0TEPJF\u00a0pueda contar con un mejor andamiaje regulatorio para su toma de decisiones. Parte de los conflictos internos que hoy tenemos est\u00e1n asociados a la falta de reglas claras en la administraci\u00f3n y toma de decisiones.<\/p>\n\n\n\n<p>\u201cLo que propongo es la creaci\u00f3n de una\u00a0comisi\u00f3n de reconstrucci\u00f3n institucional\u00a0que tenga como objetivo una revisi\u00f3n de los procesos y, la emisi\u00f3n de reglas claras, respecto del gobierno interno del tribunal, que fortalezca las reglas de colegialidad y sobre todo que contribuya a fortalecer la independencia judicial, alineando nuestros objetivos a la reciente reforma judicial\u201d.<\/p>\n\n\n\n<p>La\u00a0renuncia de Reyes\u00a0se da apenas a cinco d\u00edas de haber sido nombrado presidente y\u00a0tras encabezar su primer evento p\u00fablico bajo este cargo esta ma\u00f1ana.<\/p>\n\n\n\n<p>Fuente: Milenio<\/p>\n\n\n\n<p><\/p>\n","protected":false},"excerpt":{"rendered":"<p>Luego de haber sido designado presidente de la\u00a0Tribunal Electoral del Poder Judicial de la Federaci\u00f3n\u00a0durante la sesi\u00f3n de dicho organismo el 4 de agosto, el magistrado\u00a0Reyes Rodr\u00edguez Mondrag\u00f3n\u00a0present\u00f3 esta tarde su renuncia ya que su designaci\u00f3n \u00abno se tom\u00f3 con todos y todas presentes\u00a0y ejerciendo su voto\u00bb. \u201cMe toca estar a la altura de mi<a class=\"read-more\" href=\"https:\/\/globalnewsmexico.com\/sitio\/magistrado-reyes-rodriguez-declinara-a-presidencia-del-tepjf-llama-a-nueva-eleccion\/\">Leer m\u00e1s<\/a><\/p>\n","protected":false},"author":5,"featured_media":66038,"comment_status":"closed","ping_status":"open","sticky":false,"template":"","format":"standard","meta":{"spay_email":"","footnotes":""},"categories":[37,8,49,52],"tags":[],"jetpack_featured_media_url":"https:\/\/i1.wp.com\/globalnewsmexico.com\/sitio\/wp-content\/uploads\/2021\/08\/9-de-agosto-1.jpg?fit=1040%2C647&ssl=1","jetpack_sharing_enabled":true,"jetpack_shortlink":"https:\/\/wp.me\/p9yqPL-hb7","jetpack_likes_enabled":true,"_links":{"self":[{"href":"https:\/\/globalnewsmexico.com\/sitio\/wp-json\/wp\/v2\/posts\/66037"}],"collection":[{"href":"https:\/\/globalnewsmexico.com\/sitio\/wp-json\/wp\/v2\/posts"}],"about":[{"href":"https:\/\/globalnewsmexico.com\/sitio\/wp-json\/wp\/v2\/types\/post"}],"author":[{"embeddable":true,"href":"https:\/\/globalnewsmexico.com\/sitio\/wp-json\/wp\/v2\/users\/5"}],"replies":[{"embeddable":true,"href":"https:\/\/globalnewsmexico.com\/sitio\/wp-json\/wp\/v2\/comments?post=66037"}],"version-history":[{"count":0,"href":"https:\/\/globalnewsmexico.com\/sitio\/wp-json\/wp\/v2\/posts\/66037\/revisions"}],"wp:featuredmedia":[{"embeddable":true,"href":"https:\/\/globalnewsmexico.com\/sitio\/wp-json\/wp\/v2\/media\/66038"}],"wp:attachment":[{"href":"https:\/\/globalnewsmexico.com\/sitio\/wp-json\/wp\/v2\/media?parent=66037"}],"wp:term":[{"taxonomy":"category","embeddable":true,"href":"https:\/\/globalnewsmexico.com\/sitio\/wp-json\/wp\/v2\/categories?post=66037"},{"taxonomy":"post_tag","embeddable":true,"href":"https:\/\/globalnewsmexico.com\/sitio\/wp-json\/wp\/v2\/tags?post=66037"}],"curies":[{"name":"wp","href":"https:\/\/api.w.org\/{rel}","templated":true}]}}