{"id":66040,"date":"2021-08-09T19:51:47","date_gmt":"2021-08-10T00:51:47","guid":{"rendered":"http:\/\/globalnewsmexico.com\/sitio\/?p=66040"},"modified":"2021-08-09T19:51:51","modified_gmt":"2021-08-10T00:51:51","slug":"lopez-obrador-sostiene-llamada-cordial-con-kamala-harris","status":"publish","type":"post","link":"https:\/\/globalnewsmexico.com\/sitio\/lopez-obrador-sostiene-llamada-cordial-con-kamala-harris\/","title":{"rendered":"L\u00f3pez Obrador sostiene llamada \u2018cordial\u2019 con Kamala Harris"},"content":{"rendered":"\n<p>En la conversaci\u00f3n que sostuvo esta tarde el presidente Andr\u00e9s Manuel L\u00f3pez Obrador con la vicepresidenta de Estados Unidos, Kamala Harris, se puso sobre la mesa la propuesta de M\u00e9xico de reabrir la frontera terrestre a los cruces hoy considerados \u201cno esenciales\u201d al tiempo de avanzar en la vacunaci\u00f3n de los estados fronterizos.<\/p>\n\n\n\n<p>El mandatario mexicano se\u00f1al\u00f3 que este martes durante la conferencia de prensa informar\u00e1 con mayor precisi\u00f3n sobre el encuentro telef\u00f3nico aunque adelant\u00f3 que se tratado de \u201cun di\u00e1logo para bien\u201d.<\/p>\n\n\n\n<p>\u201cVolvimos a conversar con Kamala Harris, vicepresidenta de Estados Unidos. En buenos t\u00e9rminos, tratamos el asunto migratorio, la completa apertura de la frontera norte para reactivar nuestras econom\u00edas y continuar con la mutua cooperaci\u00f3n para enfrentar la pandemia de covid-19\u201d.<\/p>\n\n\n\n<p>En tanto, el canciller mexicano Marcelo Ebrard calific\u00f3 de cordial este tercer di\u00e1logo entre ambos pol\u00edticos que precede al realizado el pasado 7 de mayo de forma virtual y al del 8 de junio, presencial, en la Ciudad de M\u00e9xico.<\/p>\n\n\n\n<p>\u201cAcompa\u00f1\u00e9 al Sr. Presidente L\u00f3pez Obrador durante su llamada cordial con la Vicepresidenta de los Estados Unidos, Kamala Harris\u201d, escribi\u00f3 el canciller en sus redes sociales.<\/p>\n\n\n\n<p>Fuente: Exc\u00e9lsior<\/p>\n\n\n\n<p><\/p>\n","protected":false},"excerpt":{"rendered":"<p>En la conversaci\u00f3n que sostuvo esta tarde el presidente Andr\u00e9s Manuel L\u00f3pez Obrador con la vicepresidenta de Estados Unidos, Kamala Harris, se puso sobre la mesa la propuesta de M\u00e9xico de reabrir la frontera terrestre a los cruces hoy considerados \u201cno esenciales\u201d al tiempo de avanzar en la vacunaci\u00f3n de los estados fronterizos. El mandatario<a class=\"read-more\" href=\"https:\/\/globalnewsmexico.com\/sitio\/lopez-obrador-sostiene-llamada-cordial-con-kamala-harris\/\">Leer m\u00e1s<\/a><\/p>\n","protected":false},"author":5,"featured_media":66041,"comment_status":"closed","ping_status":"open","sticky":false,"template":"","format":"standard","meta":{"spay_email":"","footnotes":""},"categories":[37,8,48,52],"tags":[],"jetpack_featured_media_url":"https:\/\/i0.wp.com\/globalnewsmexico.com\/sitio\/wp-content\/uploads\/2021\/08\/9-de-agosto-2.jpg?fit=1040%2C780&ssl=1","jetpack_sharing_enabled":true,"jetpack_shortlink":"https:\/\/wp.me\/p9yqPL-hba","jetpack_likes_enabled":true,"_links":{"self":[{"href":"https:\/\/globalnewsmexico.com\/sitio\/wp-json\/wp\/v2\/posts\/66040"}],"collection":[{"href":"https:\/\/globalnewsmexico.com\/sitio\/wp-json\/wp\/v2\/posts"}],"about":[{"href":"https:\/\/globalnewsmexico.com\/sitio\/wp-json\/wp\/v2\/types\/post"}],"author":[{"embeddable":true,"href":"https:\/\/globalnewsmexico.com\/sitio\/wp-json\/wp\/v2\/users\/5"}],"replies":[{"embeddable":true,"href":"https:\/\/globalnewsmexico.com\/sitio\/wp-json\/wp\/v2\/comments?post=66040"}],"version-history":[{"count":0,"href":"https:\/\/globalnewsmexico.com\/sitio\/wp-json\/wp\/v2\/posts\/66040\/revisions"}],"wp:featuredmedia":[{"embeddable":true,"href":"https:\/\/globalnewsmexico.com\/sitio\/wp-json\/wp\/v2\/media\/66041"}],"wp:attachment":[{"href":"https:\/\/globalnewsmexico.com\/sitio\/wp-json\/wp\/v2\/media?parent=66040"}],"wp:term":[{"taxonomy":"category","embeddable":true,"href":"https:\/\/globalnewsmexico.com\/sitio\/wp-json\/wp\/v2\/categories?post=66040"},{"taxonomy":"post_tag","embeddable":true,"href":"https:\/\/globalnewsmexico.com\/sitio\/wp-json\/wp\/v2\/tags?post=66040"}],"curies":[{"name":"wp","href":"https:\/\/api.w.org\/{rel}","templated":true}]}}