{"id":66060,"date":"2021-08-12T20:33:25","date_gmt":"2021-08-13T01:33:25","guid":{"rendered":"http:\/\/globalnewsmexico.com\/sitio\/?p=66060"},"modified":"2021-08-12T20:33:29","modified_gmt":"2021-08-13T01:33:29","slug":"senadores-de-oposicion-no-respaldaran-periodo-extra-para-revocacion-de-mandato","status":"publish","type":"post","link":"https:\/\/globalnewsmexico.com\/sitio\/senadores-de-oposicion-no-respaldaran-periodo-extra-para-revocacion-de-mandato\/","title":{"rendered":"Senadores de oposici\u00f3n no respaldar\u00e1n periodo &#8216;extra&#8217; para revocaci\u00f3n de mandato"},"content":{"rendered":"\n<p>Senadores de los partidos Revolucionario Institucional (PRI), Acci\u00f3n Nacional (PAN), de la Revoluci\u00f3n Democr\u00e1tica (PRD) y Movimiento Ciudadano confirmaron que\u00a0no apoyar\u00e1n un periodo extraordinario para que se pueda aprobar el proceso de revocaci\u00f3n de mandato\u00a0del presidente Andr\u00e9s Manuel L\u00f3pez Obrador el pr\u00f3ximo a\u00f1o y pidieron a la bancada de Morena y sus aliados sacar una legislaci\u00f3n secundaria en consenso a partir de septiembre.<\/p>\n\n\n\n<p>Legisladores de todos los partidos pol\u00edticos de oposici\u00f3n confirmaron a\u00a0MILENIO\u00a0que el llamado Bloque de Contenci\u00f3n est\u00e1 firme y\u00a0rechazar\u00e1 la propuesta del coordinador de Morena, Ricardo Monreal, de realizar un periodo extraordinario.<\/p>\n\n\n\n<h4 class=\"wp-block-heading\">Ley de revocaci\u00f3n de mandato no se puede legislar al vapor: Ruiz Massieu&nbsp;<\/h4>\n\n\n\n<p>A Morena le hace falta un voto en la Comisi\u00f3n Permanente para poder aprobar el periodo extraordinario en el Senado\u00a0y la revocaci\u00f3n de mandato, por lo que Ricardo Monreal inform\u00f3 que se reunir\u00e1 con la oposici\u00f3n para lograr un consenso.<\/p>\n\n\n\n<p>En entrevista con\u00a0MILENIO, luego de reunirse en privado con Monreal, el coordinador de Movimiento Ciudadano, Dante Delgado, y la senadora del PRI, Claudia Ruiz Massieu, afirmaron que esta propuesta no se puede legislar al vapor, pero dejaron en claro que\u00a0existe la voluntad de aprobarla en el periodo ordinario que inicia el 1 de septiembre.<\/p>\n\n\n\n<p>Ruiz Massieu dijo que la ley secundaria de la revocaci\u00f3n de mandato \u201crequiere de un amplio consenso pol\u00edtico por la importancia que tiene. Por eso,\u00a0no suscribimos que tenga que verse en una sesi\u00f3n extraordinaria apresurada, al vapor, a tres semana de que inicie la nueva legislatura\u201d.<\/p>\n\n\n\n<p>Indic\u00f3 que su bancada\u00a0est\u00e1 buscando que se apruebe una ley con toda la pluralidad pol\u00edtica \u201cd\u00e1ndole un adecuado an\u00e1lisis t\u00e9cnico, jur\u00eddico y constitucional. No vamos a apoyar un extraordinario para este tema, no hace falta, pero tenemos toda la disposici\u00f3n para trabajar y que haya una ley en septiembre o en octubre con la concurrencia de todas las fuerzas pol\u00edticas\u201d.<\/p>\n\n\n\n<h4 class=\"wp-block-heading\">MC, a favor que AMLO termine su mandato&nbsp;<\/h4>\n\n\n\n<p>Dante Delgado dijo que Movimiento Ciudadano est\u00e1 a favor de que\u00a0el Presidente de la Rep\u00fablica contin\u00fae al frente de su mandato.<\/p>\n\n\n\n<p>\u201cFue electo para seis a\u00f1os y\u00a0queremos que se desempe\u00f1e seis a\u00f1os (en) su encargo, hemos exigido que sea Presidente de tiempo completo, que no sea l\u00edder partidista y que le da m\u00e1s importancia a las funciones de jefe de Estado que al conflicto con diferentes actores de la sociedad\u201d, resalt\u00f3.<\/p>\n\n\n\n<p>Por eso, agreg\u00f3, \u201cnosotros lo decimos con todas sus letras si faltan 15 d\u00edas para que inicie el nuevo periodo en medio de esta pandemia \u00bfQu\u00e9 necesidad tenemos de hacer un ejercicio que pueda lastimar y ha lastimado a muchos trabajadores del Senado?\u201d.<\/p>\n\n\n\n<p>Ruiz Massieu dijo que el bloque se mantendr\u00e1\u00a0y \u201chay acuerdo en este tema, porque todos queremos una buena ley que funcione, que tenga legitimidad pol\u00edtica, solidez t\u00e9cnica y los tiempos adecuados, por eso no creemos que el extraordinario convocado con prisas, al vapor y sin dictamen y sin una deliberaci\u00f3n amplia electoral pueda verse ese tema y nos vamos a sostener\u201d.<\/p>\n\n\n\n<h4 class=\"wp-block-heading\">Revocaci\u00f3n de mandato, un tema que a todos nos interesa: Mancera<\/h4>\n\n\n\n<p>Miguel \u00c1ngel Mancera, senador del Partido de la Revoluci\u00f3n Democr\u00e1tica (PRD), indic\u00f3 que no ve condiciones para un periodo extraordinario en el recinto legislativo para\u00a0aprobar la ley secundaria de la revocaci\u00f3n de mandato, al tiempo de reiterar que es un tema de inter\u00e9s para todos.<\/p>\n\n\n\n<p>\u00abHemos platicado todo el bloque de contenci\u00f3n (oposici\u00f3n), lo hemos reiterado, es un acuerdo que se ten\u00eda, de no ir con prisas en esta iniciativa\u00bb, indic\u00f3.<\/p>\n\n\n\n<p>En entrevista con Azucena Uresti para Grupo F\u00f3rmula, Mancera indic\u00f3 que se ha mencionado realizar un parlamento abierto\u00a0para analizar la ley secundaria de la revocaci\u00f3n de mandato.<\/p>\n\n\n\n<p>\u00abIncluso se ha llegado hablar de poder convocar a un parlamento abierto. Es un tema que a todos nos interesa, hoy hay una iniciativa de la senadora Ruiz Massieu, de Monreal, de Dami\u00e1n Zepeda, hay una iniciativa propia, hay otra m\u00e1s de Movimiento Ciudadano y eso no se puede desahogar en una sesi\u00f3n\u00bb, explic\u00f3 Mancera.<\/p>\n\n\n\n<h4 class=\"wp-block-heading\">\u00abNo vamos a dar votos\u00bb para periodo extra: Dami\u00e1n Zepeda&nbsp;<\/h4>\n\n\n\n<p>Los senadores del PAN \u00abno vamos a dar los votos\u00bb para el periodo extraordinario\u00a0que busca Morena para aprobar la revocaci\u00f3n de mandato, indic\u00f3 el legislador Dami\u00e1n Zepeda<\/p>\n\n\n\n<p>En entrevista con Azucena Uresti para<em>\u00a0Grupo F\u00f3rmula<\/em>,\u00a0Zepeda acus\u00f3 que Morena est\u00e1 pidiendo dicho periodo para el 20 de agosto, por lo que pidi\u00f3 sensatez y escuchar al Instituto Nacional Electoral para conformar la ley secundaria en la materia.\u00a0\u00a0<\/p>\n\n\n\n<p>\u00abEs absurdo la verdad, estamos a escasos d\u00edas (del inicio del periodo ordinario)\u00bb, reiter\u00f3.<\/p>\n\n\n\n<p>Sobre la propuesta de modificaci\u00f3n de pregunta planteada por Ricardo Monreal, el panista dijo coincidir con la formulada de forma previa, no por capricho personal, sino porque \u00abla constituci\u00f3n defini\u00f3 la revocaci\u00f3n de mandato como:\u00a0la conclusi\u00f3n anticipada del Presidente de la Rep\u00fablica por p\u00e9rdida de confianza\u00bb.<\/p>\n\n\n\n<p>\u00abMe parece importante que la gente decida y si la herramienta es una revocaci\u00f3n de mandato se le tiene que preguntar a la gente\u00bb, agreg\u00f3.<\/p>\n\n\n\n<p>Fuente: Milenio <\/p>\n\n\n\n<p><\/p>\n","protected":false},"excerpt":{"rendered":"<p>Senadores de los partidos Revolucionario Institucional (PRI), Acci\u00f3n Nacional (PAN), de la Revoluci\u00f3n Democr\u00e1tica (PRD) y Movimiento Ciudadano confirmaron que\u00a0no apoyar\u00e1n un periodo extraordinario para que se pueda aprobar el proceso de revocaci\u00f3n de mandato\u00a0del presidente Andr\u00e9s Manuel L\u00f3pez Obrador el pr\u00f3ximo a\u00f1o y pidieron a la bancada de Morena y sus aliados sacar una<a class=\"read-more\" href=\"https:\/\/globalnewsmexico.com\/sitio\/senadores-de-oposicion-no-respaldaran-periodo-extra-para-revocacion-de-mandato\/\">Leer m\u00e1s<\/a><\/p>\n","protected":false},"author":5,"featured_media":66061,"comment_status":"closed","ping_status":"open","sticky":false,"template":"","format":"standard","meta":{"spay_email":"","footnotes":""},"categories":[37,8,42,52],"tags":[],"jetpack_featured_media_url":"https:\/\/i0.wp.com\/globalnewsmexico.com\/sitio\/wp-content\/uploads\/2021\/08\/12-de-agosto-1.jpg?fit=1040%2C647&ssl=1","jetpack_sharing_enabled":true,"jetpack_shortlink":"https:\/\/wp.me\/p9yqPL-hbu","jetpack_likes_enabled":true,"_links":{"self":[{"href":"https:\/\/globalnewsmexico.com\/sitio\/wp-json\/wp\/v2\/posts\/66060"}],"collection":[{"href":"https:\/\/globalnewsmexico.com\/sitio\/wp-json\/wp\/v2\/posts"}],"about":[{"href":"https:\/\/globalnewsmexico.com\/sitio\/wp-json\/wp\/v2\/types\/post"}],"author":[{"embeddable":true,"href":"https:\/\/globalnewsmexico.com\/sitio\/wp-json\/wp\/v2\/users\/5"}],"replies":[{"embeddable":true,"href":"https:\/\/globalnewsmexico.com\/sitio\/wp-json\/wp\/v2\/comments?post=66060"}],"version-history":[{"count":0,"href":"https:\/\/globalnewsmexico.com\/sitio\/wp-json\/wp\/v2\/posts\/66060\/revisions"}],"wp:featuredmedia":[{"embeddable":true,"href":"https:\/\/globalnewsmexico.com\/sitio\/wp-json\/wp\/v2\/media\/66061"}],"wp:attachment":[{"href":"https:\/\/globalnewsmexico.com\/sitio\/wp-json\/wp\/v2\/media?parent=66060"}],"wp:term":[{"taxonomy":"category","embeddable":true,"href":"https:\/\/globalnewsmexico.com\/sitio\/wp-json\/wp\/v2\/categories?post=66060"},{"taxonomy":"post_tag","embeddable":true,"href":"https:\/\/globalnewsmexico.com\/sitio\/wp-json\/wp\/v2\/tags?post=66060"}],"curies":[{"name":"wp","href":"https:\/\/api.w.org\/{rel}","templated":true}]}}