{"id":66079,"date":"2021-08-18T16:30:35","date_gmt":"2021-08-18T21:30:35","guid":{"rendered":"http:\/\/globalnewsmexico.com\/sitio\/?p=66079"},"modified":"2021-08-18T16:30:38","modified_gmt":"2021-08-18T21:30:38","slug":"dan-a-conocer-convocatoria-para-el-xvi-parlamento-de-la-juventud-veracruzana","status":"publish","type":"post","link":"https:\/\/globalnewsmexico.com\/sitio\/dan-a-conocer-convocatoria-para-el-xvi-parlamento-de-la-juventud-veracruzana\/","title":{"rendered":"Dan a conocer Convocatoria para el XVI Parlamento de la Juventud Veracruzana"},"content":{"rendered":"\n<p>La diputada Elizabeth Cervantes da a conocer las bases de la convocatoria para integrar este Parlamento, a realizarse el 7, 8 y 11 de octubre de este a\u00f1o.<br>\u2022 Debido a la contingencia sanitaria, dicho evento podr\u00eda celebrarse de manera presencial o virtual.<\/p>\n\n\n\n<p>La LXV Legislatura de Veracruz, a trav\u00e9s de la Comisi\u00f3n Permanente de Juventud y Deporte y Atletas con Discapacidad, convoca a los j\u00f3venes de la entidad a participar en el proceso de selecci\u00f3n de los integrantes del Parlamento de la Juventud Veracruzana 2021 cuyo plazo vence el pr\u00f3ximo 31 de agosto.<\/p>\n\n\n\n<p>La presidenta de dicha Comisi\u00f3n, diputada Elizabeth Cervantes de la Cruz, se\u00f1al\u00f3 que XVI Parlamento de la Juventud Veracruzana, se llevar\u00e1 a cabo el 7, 8 y 11 de octubre de este a\u00f1o, en la ciudad de Xalapa, por lo que convoc\u00f3 a los j\u00f3venes a participar y as\u00ed tener la oportunidad de expresar, desde la m\u00e1xima tribuna del Estado, sus motivaciones, aspiraciones y opiniones respecto a temas de inter\u00e9s general.<\/p>\n\n\n\n<p>Asimismo indic\u00f3 que este evento se realiza con fundamento en los art\u00edculos 67 y 70 de la Ley de Desarrollo Integral de la Juventud para el Estado de Veracruz, siendo un trabajo coordinado entre el Gobierno del Estado a trav\u00e9s del Instituto Veracruzano de la Juventud (IVJ), la LXV Legislatura del H. Congreso del Estado de Veracruz y la Secretar\u00eda de Educaci\u00f3n de Veracruz (SEV).<\/p>\n\n\n\n<p>Las bases de la convocatoria establecen como requisitos para los aspirantes ser veracruzano de nacimiento; ser joven entre 15 y 29 a\u00f1os de edad; gozar de buena reputaci\u00f3n; realizar y presentar una carta de exposici\u00f3n de motivos dirigido al IVJ, en la cual se indique el inter\u00e9s por participar en el Parlamento, adem\u00e1s de llenar el Formato Oficial de Registro, mismo que se encuentra en la liga: https:\/\/bit.ly\/3vwllDU.<\/p>\n\n\n\n<p>Del mismo modo, el o la aspirante tendr\u00e1 que elaborar y presentar una propuesta para mejorar las pol\u00edticas, programas, proyectos y acciones en materia de juventud en algunas de las siguientes comisiones: para la igualdad de g\u00e9nero; derechos de la ni\u00f1ez y la familia; derechos humanos y atenci\u00f3n a grupos vulnerables; educaci\u00f3n y cultura; juventud, deporte y atletas con discapacidad; salud y asistencia; seguridad p\u00fablica; ciencia y tecnolog\u00eda; asuntos ind\u00edgenas y de trabajo y previsi\u00f3n social.<\/p>\n\n\n\n<p>Los documentos con los que deber\u00e1n acreditarse son: copias de acta de nacimiento, de identificaci\u00f3n oficial vigente con fotograf\u00eda y de comprobante de domicilio, no mayor a tres meses, as\u00ed como una semblanza curricular, con copia de informaci\u00f3n comprobatoria. Esta informaci\u00f3n deber\u00e1 enviarse al correo: parlamentojuventudivj21@gmail.com.<\/p>\n\n\n\n<p>El comit\u00e9 organizador elegir\u00e1 las mejores propuestas bajo estricto criterio de objetividad, una por cada distrito electoral local y 20 de representaci\u00f3n proporcional. Adem\u00e1s se considerar\u00e1 prioritaria la participaci\u00f3n activa en beneficio del sector juvenil, por parte de cada aspirante.<\/p>\n\n\n\n<p>En las prevenciones generales se subraya que no podr\u00e1n participar en esta convocatoria aquellos j\u00f3venes que ya han sido Parlamentarios, quienes hayan sido representantes de un partido pol\u00edtico a cargo de elecci\u00f3n popular, as\u00ed como funcionarios y\/o empleados p\u00fablicos.<\/p>\n\n\n\n<p>Los resultados de esta Convocatoria ser\u00e1n publicados el 27 de septiembre del presente a\u00f1o, en las redes sociales del IVJ, del H. Congreso del Estado y de la SEV.<\/p>\n\n\n\n<p>Finalmente, el documento indica que el desarrollo de esta convocatoria debido a la contingencia sanitaria derivada del virus SarsCov-2, queda sujeta a cambios sin previo aviso, mismos que ser\u00e1n decididos por el Comit\u00e9 Organizador, con base en las recomendaciones de las autoridades sanitarias, pudiendo llevarse a cabo de manera semipresencial o virtual.<\/p>\n\n\n\n<p>Fuente: Redacci\u00f3n<\/p>\n\n\n\n<p><\/p>\n","protected":false},"excerpt":{"rendered":"<p>La diputada Elizabeth Cervantes da a conocer las bases de la convocatoria para integrar este Parlamento, a realizarse el 7, 8 y 11 de octubre de este a\u00f1o.\u2022 Debido a la contingencia sanitaria, dicho evento podr\u00eda celebrarse de manera presencial o virtual. La LXV Legislatura de Veracruz, a trav\u00e9s de la Comisi\u00f3n Permanente de Juventud<a class=\"read-more\" href=\"https:\/\/globalnewsmexico.com\/sitio\/dan-a-conocer-convocatoria-para-el-xvi-parlamento-de-la-juventud-veracruzana\/\">Leer m\u00e1s<\/a><\/p>\n","protected":false},"author":5,"featured_media":66080,"comment_status":"closed","ping_status":"open","sticky":false,"template":"","format":"standard","meta":{"spay_email":"","footnotes":""},"categories":[37,8,42,52],"tags":[],"jetpack_featured_media_url":"https:\/\/i1.wp.com\/globalnewsmexico.com\/sitio\/wp-content\/uploads\/2021\/08\/18-de-agosto-1.jpg?fit=1024%2C684&ssl=1","jetpack_sharing_enabled":true,"jetpack_shortlink":"https:\/\/wp.me\/p9yqPL-hbN","jetpack_likes_enabled":true,"_links":{"self":[{"href":"https:\/\/globalnewsmexico.com\/sitio\/wp-json\/wp\/v2\/posts\/66079"}],"collection":[{"href":"https:\/\/globalnewsmexico.com\/sitio\/wp-json\/wp\/v2\/posts"}],"about":[{"href":"https:\/\/globalnewsmexico.com\/sitio\/wp-json\/wp\/v2\/types\/post"}],"author":[{"embeddable":true,"href":"https:\/\/globalnewsmexico.com\/sitio\/wp-json\/wp\/v2\/users\/5"}],"replies":[{"embeddable":true,"href":"https:\/\/globalnewsmexico.com\/sitio\/wp-json\/wp\/v2\/comments?post=66079"}],"version-history":[{"count":0,"href":"https:\/\/globalnewsmexico.com\/sitio\/wp-json\/wp\/v2\/posts\/66079\/revisions"}],"wp:featuredmedia":[{"embeddable":true,"href":"https:\/\/globalnewsmexico.com\/sitio\/wp-json\/wp\/v2\/media\/66080"}],"wp:attachment":[{"href":"https:\/\/globalnewsmexico.com\/sitio\/wp-json\/wp\/v2\/media?parent=66079"}],"wp:term":[{"taxonomy":"category","embeddable":true,"href":"https:\/\/globalnewsmexico.com\/sitio\/wp-json\/wp\/v2\/categories?post=66079"},{"taxonomy":"post_tag","embeddable":true,"href":"https:\/\/globalnewsmexico.com\/sitio\/wp-json\/wp\/v2\/tags?post=66079"}],"curies":[{"name":"wp","href":"https:\/\/api.w.org\/{rel}","templated":true}]}}