{"id":66135,"date":"2021-08-30T19:06:34","date_gmt":"2021-08-31T00:06:34","guid":{"rendered":"http:\/\/globalnewsmexico.com\/sitio\/?p=66135"},"modified":"2021-08-30T19:06:37","modified_gmt":"2021-08-31T00:06:37","slug":"regreso-a-clases-seguro-promete-diputado-victor-vargas","status":"publish","type":"post","link":"https:\/\/globalnewsmexico.com\/sitio\/regreso-a-clases-seguro-promete-diputado-victor-vargas\/","title":{"rendered":"Regreso a clases seguro, promete diputado V\u00edctor Vargas"},"content":{"rendered":"\n<p>Xalapa, Veracruz., 30 de Agosto de 2021.- En relaci\u00f3n a la reciente vuelta de las y los estudiantes a los centros escolares, el diputado y profesor V\u00edctor Emmanuel Vargas Barrientos manifest\u00f3 que habr\u00e1 un regreso a clases de manera segura, guardando las medidas de higiene y de sana distancia para evitar contagios de COVID-19.<\/p>\n\n\n\n<p>El legislador de MORENA afirm\u00f3 que tanto la Secretar\u00eda de Educaci\u00f3n P\u00fablica, como la Secretar\u00eda de Educaci\u00f3n de Veracruz han recorrido diversos planteles educativos para atender las peticiones de directivos, maestras, maestros y padres de familia, con el prop\u00f3sito de atender las necesidades de cada centro educativo.<\/p>\n\n\n\n<p>Al respecto, el diputado Vargas reconoci\u00f3 el compromiso de todos los actores involucrados, en especial del Gobernador del Estado, ingeniero Cuitl\u00e1huac Garc\u00eda Jim\u00e9nez y del Secretario de Educaci\u00f3n, Zenyazen Escobar, quienes han encabezado una campa\u00f1a de faenas y tequios, para habilitar todas las escuelas de la entidad y posibilitar un regreso a las aulas digno, despu\u00e9s de casi 18 meses de confinamiento en casa.<\/p>\n\n\n\n<p>De igual modo, el tambi\u00e9n secretario de la Comisi\u00f3n de Educaci\u00f3n del Congreso del Estado indic\u00f3 que las y los docentes son la piedra angular del sistema educativo y en la medida que haya trabajo coordinado y organizado con las madres y padres de familia, se podr\u00e1 salir delante de este gran reto que es la nueva normalidad en la educaci\u00f3n.<\/p>\n\n\n\n<p>Fuente. Redacci\u00f3n<\/p>\n\n\n\n<p><\/p>\n","protected":false},"excerpt":{"rendered":"<p>Xalapa, Veracruz., 30 de Agosto de 2021.- En relaci\u00f3n a la reciente vuelta de las y los estudiantes a los centros escolares, el diputado y profesor V\u00edctor Emmanuel Vargas Barrientos manifest\u00f3 que habr\u00e1 un regreso a clases de manera segura, guardando las medidas de higiene y de sana distancia para evitar contagios de COVID-19. El<a class=\"read-more\" href=\"https:\/\/globalnewsmexico.com\/sitio\/regreso-a-clases-seguro-promete-diputado-victor-vargas\/\">Leer m\u00e1s<\/a><\/p>\n","protected":false},"author":5,"featured_media":66136,"comment_status":"closed","ping_status":"open","sticky":false,"template":"","format":"standard","meta":{"spay_email":"","footnotes":""},"categories":[37,8,50,52],"tags":[],"jetpack_featured_media_url":"https:\/\/i1.wp.com\/globalnewsmexico.com\/sitio\/wp-content\/uploads\/2021\/08\/30-de-agosto.jpg?fit=1024%2C682&ssl=1","jetpack_sharing_enabled":true,"jetpack_shortlink":"https:\/\/wp.me\/p9yqPL-hcH","jetpack_likes_enabled":true,"_links":{"self":[{"href":"https:\/\/globalnewsmexico.com\/sitio\/wp-json\/wp\/v2\/posts\/66135"}],"collection":[{"href":"https:\/\/globalnewsmexico.com\/sitio\/wp-json\/wp\/v2\/posts"}],"about":[{"href":"https:\/\/globalnewsmexico.com\/sitio\/wp-json\/wp\/v2\/types\/post"}],"author":[{"embeddable":true,"href":"https:\/\/globalnewsmexico.com\/sitio\/wp-json\/wp\/v2\/users\/5"}],"replies":[{"embeddable":true,"href":"https:\/\/globalnewsmexico.com\/sitio\/wp-json\/wp\/v2\/comments?post=66135"}],"version-history":[{"count":0,"href":"https:\/\/globalnewsmexico.com\/sitio\/wp-json\/wp\/v2\/posts\/66135\/revisions"}],"wp:featuredmedia":[{"embeddable":true,"href":"https:\/\/globalnewsmexico.com\/sitio\/wp-json\/wp\/v2\/media\/66136"}],"wp:attachment":[{"href":"https:\/\/globalnewsmexico.com\/sitio\/wp-json\/wp\/v2\/media?parent=66135"}],"wp:term":[{"taxonomy":"category","embeddable":true,"href":"https:\/\/globalnewsmexico.com\/sitio\/wp-json\/wp\/v2\/categories?post=66135"},{"taxonomy":"post_tag","embeddable":true,"href":"https:\/\/globalnewsmexico.com\/sitio\/wp-json\/wp\/v2\/tags?post=66135"}],"curies":[{"name":"wp","href":"https:\/\/api.w.org\/{rel}","templated":true}]}}