{"id":66220,"date":"2021-09-14T11:14:44","date_gmt":"2021-09-14T16:14:44","guid":{"rendered":"http:\/\/globalnewsmexico.com\/sitio\/?p=66220"},"modified":"2021-09-14T11:14:47","modified_gmt":"2021-09-14T16:14:47","slug":"retiran-maleza-de-unidad-deportiva-el-faro-en-villa-allende","status":"publish","type":"post","link":"https:\/\/globalnewsmexico.com\/sitio\/retiran-maleza-de-unidad-deportiva-el-faro-en-villa-allende\/","title":{"rendered":"Retiran maleza de Unidad Deportiva \u201cEl Faro\u201d en Villa Allende"},"content":{"rendered":"\n<p>Coatzacoalcos, Ver. \u2013 Para beneficio de los deportistas y pobladores de Villa Allende, el Ayuntamiento de Coatzacoalcos, a trav\u00e9s del Comit\u00e9 Municipal del Deporte trabaj\u00f3 intensamente en el retiro de maleza en la Unidad Deportiva \u201cEl Faro\u201d.<\/p>\n\n\n\n<p>Durante una semana, personal de la COMUDE, que preside Jes\u00fas L\u00f3pez Desales, se encarg\u00f3 de la limpieza de este espacio, iniciando con las canchas de voleibol y b\u00e1squetbol, donde se realiz\u00f3 el chapeado del interior, dejando despejado el mismo.<\/p>\n\n\n\n<p>Posteriormente, se limpi\u00f3 la cuneta que se encuentra entre las canchas de baloncesto y f\u00fatbol, barriendo y levantando la basura, para tener esa \u00e1rea sin desechos.<\/p>\n\n\n\n<p>Al final de la jornada, se realiz\u00f3 la inspecci\u00f3n para retirar recipientes que puedan almacenar agua y de este modo evitar la propagaci\u00f3n del mosquito transmisor de enfermedades.<\/p>\n\n\n\n<p>Se continuar\u00e1n atendiendo las instalaciones deportivas, como parte del compromiso adquirido con la comunidad deportiva de brindarles instalaciones limpias dignas y seguras.<\/p>\n\n\n\n<p>Fuente: Redacci\u00f3n<\/p>\n\n\n\n<p><\/p>\n","protected":false},"excerpt":{"rendered":"<p>Coatzacoalcos, Ver. \u2013 Para beneficio de los deportistas y pobladores de Villa Allende, el Ayuntamiento de Coatzacoalcos, a trav\u00e9s del Comit\u00e9 Municipal del Deporte trabaj\u00f3 intensamente en el retiro de maleza en la Unidad Deportiva \u201cEl Faro\u201d. Durante una semana, personal de la COMUDE, que preside Jes\u00fas L\u00f3pez Desales, se encarg\u00f3 de la limpieza de<a class=\"read-more\" href=\"https:\/\/globalnewsmexico.com\/sitio\/retiran-maleza-de-unidad-deportiva-el-faro-en-villa-allende\/\">Leer m\u00e1s<\/a><\/p>\n","protected":false},"author":5,"featured_media":66221,"comment_status":"closed","ping_status":"open","sticky":false,"template":"","format":"standard","meta":{"spay_email":"","footnotes":""},"categories":[37,8,50,52],"tags":[],"jetpack_featured_media_url":"https:\/\/i2.wp.com\/globalnewsmexico.com\/sitio\/wp-content\/uploads\/2021\/09\/14-de-septiembre-2.jpg?fit=1040%2C743&ssl=1","jetpack_sharing_enabled":true,"jetpack_shortlink":"https:\/\/wp.me\/p9yqPL-he4","jetpack_likes_enabled":true,"_links":{"self":[{"href":"https:\/\/globalnewsmexico.com\/sitio\/wp-json\/wp\/v2\/posts\/66220"}],"collection":[{"href":"https:\/\/globalnewsmexico.com\/sitio\/wp-json\/wp\/v2\/posts"}],"about":[{"href":"https:\/\/globalnewsmexico.com\/sitio\/wp-json\/wp\/v2\/types\/post"}],"author":[{"embeddable":true,"href":"https:\/\/globalnewsmexico.com\/sitio\/wp-json\/wp\/v2\/users\/5"}],"replies":[{"embeddable":true,"href":"https:\/\/globalnewsmexico.com\/sitio\/wp-json\/wp\/v2\/comments?post=66220"}],"version-history":[{"count":0,"href":"https:\/\/globalnewsmexico.com\/sitio\/wp-json\/wp\/v2\/posts\/66220\/revisions"}],"wp:featuredmedia":[{"embeddable":true,"href":"https:\/\/globalnewsmexico.com\/sitio\/wp-json\/wp\/v2\/media\/66221"}],"wp:attachment":[{"href":"https:\/\/globalnewsmexico.com\/sitio\/wp-json\/wp\/v2\/media?parent=66220"}],"wp:term":[{"taxonomy":"category","embeddable":true,"href":"https:\/\/globalnewsmexico.com\/sitio\/wp-json\/wp\/v2\/categories?post=66220"},{"taxonomy":"post_tag","embeddable":true,"href":"https:\/\/globalnewsmexico.com\/sitio\/wp-json\/wp\/v2\/tags?post=66220"}],"curies":[{"name":"wp","href":"https:\/\/api.w.org\/{rel}","templated":true}]}}