{"id":66230,"date":"2021-09-14T13:58:02","date_gmt":"2021-09-14T18:58:02","guid":{"rendered":"http:\/\/globalnewsmexico.com\/sitio\/?p=66230"},"modified":"2021-09-14T13:58:06","modified_gmt":"2021-09-14T18:58:06","slug":"presidente-de-cuba-visitara-mexico-pronunciara-discurso-durante-desfile-del-16-de-septiembre","status":"publish","type":"post","link":"https:\/\/globalnewsmexico.com\/sitio\/presidente-de-cuba-visitara-mexico-pronunciara-discurso-durante-desfile-del-16-de-septiembre\/","title":{"rendered":"Presidente de Cuba visitar\u00e1 M\u00e9xico; pronunciar\u00e1 discurso durante desfile del 16 de septiembre"},"content":{"rendered":"\n<p>El presidente de\u00a0M\u00e9xico, Andr\u00e9s Manuel L\u00f3pez Obrador (AMLO), inform\u00f3 este martes que su hom\u00f3logo de Cuba,\u00a0Miguel D\u00edaz-Canel, viajar\u00e1 a M\u00e9xico para participar el pr\u00f3ximo jueves en los festejos del D\u00eda de la Independencia.<\/p>\n\n\n\n<p>\u201cEl d\u00eda 16 se invit\u00f3 al presidente de Cuba, al presidente D\u00edaz-Canel, \u00e9l va a estar en la ceremonia del d\u00eda 16\u201d, dijo\u00a0L\u00f3pez Obrador\u00a0en su conferencia de prensa matutina desde el Palacio Nacional, cuestionado sobre si la invitaci\u00f3n ha generado pol\u00e9mica.<\/p>\n\n\n\n<p>\u201cNo podemos invitar a unos y a otros no, M\u00e9xico tiene una relaci\u00f3n de amistad con todos los pueblos\u201d, agreg\u00f3.<\/p>\n\n\n\n<p>Asimismo, destac\u00f3 la \u201crelaci\u00f3n de amistad\u201d que\u00a0M\u00e9xico\u00a0ha mantenido con\u00a0Cuba\u00a0desde hace muchos a\u00f1os, y anunci\u00f3 que\u00a0D\u00edaz-Canel\u00a0tambi\u00e9n dar\u00e1 un discurso durante el desfile militar del\u00a016 de septiembre, como lo han hecho en anteriores ocasiones otros mandatarios.<\/p>\n\n\n\n<p>Argument\u00f3 que la visita del presidente de\u00a0Cuba\u00a0es parte del \u201ctrato igualitario\u201d que se ha dado a otros jefes de Estado que han sido parte de otras celebraciones por los 700 a\u00f1os de la fundaci\u00f3n M\u00e9xico-Tenochtitlan, los 500 a\u00f1os de la conquista de Hern\u00e1n Cort\u00e9s, ahora rebautizada como \u201cresistencia ind\u00edgena\u201d, y los 200 a\u00f1os de la independencia del pa\u00eds.<\/p>\n\n\n\n<p>En tanto, el titular de la Secretar\u00eda de Relaciones Exteriores (SRE), Marcelo Ebrard, record\u00f3 que la visita de\u00a0D\u00edaz-Canel\u00a0al pa\u00eds se da en el marco de la reuni\u00f3n de la Comunidad de Estados Latinoamericanos y Caribe\u00f1os (Celac) que se realizar\u00e1 el pr\u00f3ximo s\u00e1bado en la Ciudad de M\u00e9xico.<\/p>\n\n\n\n<h4 class=\"wp-block-heading\">Estados Unidos tambi\u00e9n estar\u00e1 presente en las celebraciones<\/h4>\n\n\n\n<p>L\u00f3pez Obrador remarc\u00f3 que en este a\u00f1o de conmemoraciones tambi\u00e9n se tiene programado otro evento para el 27 de septiembre, cuando se recuerda la consumaci\u00f3n de la independencia.<\/p>\n\n\n\n<p>Explic\u00f3 que extendi\u00f3 la invitaci\u00f3n a su hom\u00f3logo de Estados Unidos, Joe Biden. Sin embargo, debido a que el jefe de la Casa Blanca no puede acudir, asistir\u00e1 en su lugar el secretario de Estado, Antony Blinken.<\/p>\n\n\n\n<p>Afirm\u00f3 que para el d\u00eda 28, donde se pedir\u00e1 perd\u00f3n a los pueblos yaquis, tambi\u00e9n hay invitados extranjeros y en diciembre, en la conmemoraci\u00f3n de sus tres a\u00f1os de toma de posesi\u00f3n, igualmente habr\u00e1 invitados civiles y militares de varios pa\u00edses.<\/p>\n\n\n\n<p><br>El\u00a0jefe del Ejecutivo\u00a0tambi\u00e9n dijo que est\u00e1 \u201canalizando\u201d asistir a las Naciones Unidas en noviembre cuando M\u00e9xico ocupe la presidencia del organismo del Consejo de Seguridad.<\/p>\n\n\n\n<p>Este a\u00f1o, el Gobierno de\u00a0M\u00e9xico\u00a0ha realizado una serie de eventos para conmemorar los 700 a\u00f1os de la fundaci\u00f3n de M\u00e9xico-Tenochtitlan, 500 a\u00f1os de resistencia ind\u00edgena y los 200 a\u00f1os de la consumaci\u00f3n de la Independencia, celebraciones a las que ha invitado a algunos mandatarios como a los de Bolivia, Ecuador, Guatemala y Argentina.<\/p>\n\n\n\n<p>Fuente: Radio F\u00f3rmula<\/p>\n\n\n\n<p><\/p>\n","protected":false},"excerpt":{"rendered":"<p>El presidente de\u00a0M\u00e9xico, Andr\u00e9s Manuel L\u00f3pez Obrador (AMLO), inform\u00f3 este martes que su hom\u00f3logo de Cuba,\u00a0Miguel D\u00edaz-Canel, viajar\u00e1 a M\u00e9xico para participar el pr\u00f3ximo jueves en los festejos del D\u00eda de la Independencia. \u201cEl d\u00eda 16 se invit\u00f3 al presidente de Cuba, al presidente D\u00edaz-Canel, \u00e9l va a estar en la ceremonia del d\u00eda 16\u201d,<a class=\"read-more\" href=\"https:\/\/globalnewsmexico.com\/sitio\/presidente-de-cuba-visitara-mexico-pronunciara-discurso-durante-desfile-del-16-de-septiembre\/\">Leer m\u00e1s<\/a><\/p>\n","protected":false},"author":5,"featured_media":66231,"comment_status":"closed","ping_status":"open","sticky":false,"template":"","format":"standard","meta":{"spay_email":"","footnotes":""},"categories":[37,8,48,52],"tags":[],"jetpack_featured_media_url":"https:\/\/i1.wp.com\/globalnewsmexico.com\/sitio\/wp-content\/uploads\/2021\/09\/14-de-septiembre-7.jpg?fit=1040%2C626&ssl=1","jetpack_sharing_enabled":true,"jetpack_shortlink":"https:\/\/wp.me\/p9yqPL-hee","jetpack_likes_enabled":true,"_links":{"self":[{"href":"https:\/\/globalnewsmexico.com\/sitio\/wp-json\/wp\/v2\/posts\/66230"}],"collection":[{"href":"https:\/\/globalnewsmexico.com\/sitio\/wp-json\/wp\/v2\/posts"}],"about":[{"href":"https:\/\/globalnewsmexico.com\/sitio\/wp-json\/wp\/v2\/types\/post"}],"author":[{"embeddable":true,"href":"https:\/\/globalnewsmexico.com\/sitio\/wp-json\/wp\/v2\/users\/5"}],"replies":[{"embeddable":true,"href":"https:\/\/globalnewsmexico.com\/sitio\/wp-json\/wp\/v2\/comments?post=66230"}],"version-history":[{"count":0,"href":"https:\/\/globalnewsmexico.com\/sitio\/wp-json\/wp\/v2\/posts\/66230\/revisions"}],"wp:featuredmedia":[{"embeddable":true,"href":"https:\/\/globalnewsmexico.com\/sitio\/wp-json\/wp\/v2\/media\/66231"}],"wp:attachment":[{"href":"https:\/\/globalnewsmexico.com\/sitio\/wp-json\/wp\/v2\/media?parent=66230"}],"wp:term":[{"taxonomy":"category","embeddable":true,"href":"https:\/\/globalnewsmexico.com\/sitio\/wp-json\/wp\/v2\/categories?post=66230"},{"taxonomy":"post_tag","embeddable":true,"href":"https:\/\/globalnewsmexico.com\/sitio\/wp-json\/wp\/v2\/tags?post=66230"}],"curies":[{"name":"wp","href":"https:\/\/api.w.org\/{rel}","templated":true}]}}