{"id":66249,"date":"2021-09-16T14:00:01","date_gmt":"2021-09-16T19:00:01","guid":{"rendered":"http:\/\/globalnewsmexico.com\/sitio\/?p=66249"},"modified":"2021-09-16T14:00:05","modified_gmt":"2021-09-16T19:00:05","slug":"amlo-destaca-libertad-de-cuba-y-reitera-llamado-a-eu-para-levantar-bloqueo-contra-la-isla","status":"publish","type":"post","link":"https:\/\/globalnewsmexico.com\/sitio\/amlo-destaca-libertad-de-cuba-y-reitera-llamado-a-eu-para-levantar-bloqueo-contra-la-isla\/","title":{"rendered":"AMLO destaca libertad de Cuba y reitera llamado a EU para levantar bloqueo contra la isla"},"content":{"rendered":"\n<p>El presidente Andr\u00e9s Manuel L\u00f3pez Obrador reiter\u00f3 su llamado al gobierno de Estados Unidos para retirar el bloqueo econ\u00f3mico que mantiene sobre Cuba, y celebr\u00f3 la disposici\u00f3n y la voluntad de la isla para mantener su autonom\u00eda.<\/p>\n\n\n\n<p>En su discurso previo al desfile militar&nbsp;por el 211 aniversario de la Independencia de M\u00e9xico&nbsp;y a unas horas de que inicie la cumbre de la Cellac, en donde pa\u00edses latinoamericanos se pronunciar\u00e1n por abandonar la OEA, L\u00f3pez Obrador lanz\u00f3 su m\u00e1s osado pronunciamiento en pol\u00edtica exterior en lo que va del sexenio,&nbsp;al criticar la pol\u00edtica estadunidense contra la isla, pero tambi\u00e9n al instar al exilio cubano en Florida, al dejar de lado sus diferencias con el r\u00e9gimen comunista.<\/p>\n\n\n\n<p>El mandatario agradeci\u00f3 la participaci\u00f3n del presidente de la Rep\u00fablica de Cuba, Miguel D\u00edaz-Canel, y sostuvo que, como pocos en el mundo, ha sabido defender con dignidad su derecho a vivir libres e independientes, sin \u201cpermitir la injerencia en sus asuntos internos de ninguna potencia extranjera\u201d.<br><\/p>\n\n\n\n<p>\u201cPodemos estar de acuerdo o no, con la revoluci\u00f3n cubana y con su gobierno, pero haber resistido 62 a\u00f1os sin sometimiento es una indiscutible haza\u00f1a hist\u00f3rica. En consecuencia, creo que por su lucha en defensa de la soberan\u00eda de su pa\u00eds, el pueblo de Cuba merece el premio de la dignidad\u201d, dijo.<\/p>\n\n\n\n<p>A\u00f1adi\u00f3 que por su ejemplo de resistencia Cube deber\u00eda ser declarada como patrimonio de la humanidad. A la vez, hizo un llamado respetuoso al gobierno de Estados Unidos a levantar el bloqueo contra Cuba, \u201cporque ning\u00fan Estado tiene derecho a someter a otro pueblo, a someter a otro pa\u00eds\u201d, insisti\u00f3.<\/p>\n\n\n\n<p>Incluso us\u00f3 una frase de George Washingotn para respaldar su postura y alegar que las naciones no deben de aprovecharse del infortunio de otros pueblos, \u201cdicho con toda franqueza: se ve mal que Estados Unidos utilice el gobierno para impedir el bienestar del pueblo de Cuba\u00a0con el prop\u00f3sito de que \u00e9ste, obligado por la necesidad, tenga que enfrentar a su propio gobierno\u201d, agreg\u00f3.<\/p>\n\n\n\n<p>L\u00f3pez Obrador reiter\u00f3 que si dicha estrategia tuviese \u00e9xito, se convertir\u00eda en un triunfo vil y canallesco, en una mancha \u201cde esas que no se borran ni con toda el agua de los oc\u00e9anos\u201d. Por ello, pidi\u00f3 que exista entendimiento, respeto mutuo y la libertad sin condiciones ni prepotencia entre las naciones.<\/p>\n\n\n\n<p>Asimismo, record\u00f3 que este tipo de acciones ya se hab\u00edan implementado con anterioridad en la Uni\u00f3n Americana, pues el presidente Jimmy Carter decidi\u00f3 devolverle a Panam\u00e1 el canal y su soberan\u00eda.<\/p>\n\n\n\n<p>\u201cOjal\u00e1 que el presidente Biden, que posee suficiente sensibilidad pol\u00edtica, act\u00fae con esa grandeza y ponga fin, para siempre, a la pol\u00edtica de agravios hacia Cuba. (\u2026) Hay que dejar atr\u00e1s resentimientos, entender las nuevas circunstancia y buscar la reconciliaci\u00f3n. Es tiempo de la hermandad y no de la confrontaci\u00f3n\u201d, concluy\u00f3.<\/p>\n\n\n\n<p>Para finalizar, y en un hecho sin precedentes, remat\u00f3 su discurso lanzando vivas a M\u00e9xico y a Cuba: \u201c\u00a1Que viva la independencia de M\u00e9xico! \u00a1Que viva la independencia de Cuba! \u00a1Que viva la independencia de todos los pueblos del mundo! \u00a1Que viva la fraternidad universal!\u201d<\/p>\n\n\n\n<p>Fuente: Milenio<\/p>\n\n\n\n<p><\/p>\n","protected":false},"excerpt":{"rendered":"<p>El presidente Andr\u00e9s Manuel L\u00f3pez Obrador reiter\u00f3 su llamado al gobierno de Estados Unidos para retirar el bloqueo econ\u00f3mico que mantiene sobre Cuba, y celebr\u00f3 la disposici\u00f3n y la voluntad de la isla para mantener su autonom\u00eda. En su discurso previo al desfile militar&nbsp;por el 211 aniversario de la Independencia de M\u00e9xico&nbsp;y a unas horas<a class=\"read-more\" href=\"https:\/\/globalnewsmexico.com\/sitio\/amlo-destaca-libertad-de-cuba-y-reitera-llamado-a-eu-para-levantar-bloqueo-contra-la-isla\/\">Leer m\u00e1s<\/a><\/p>\n","protected":false},"author":5,"featured_media":66251,"comment_status":"closed","ping_status":"open","sticky":false,"template":"","format":"standard","meta":{"spay_email":"","footnotes":""},"categories":[37,8,48,52],"tags":[],"jetpack_featured_media_url":"https:\/\/i0.wp.com\/globalnewsmexico.com\/sitio\/wp-content\/uploads\/2021\/09\/16-de-septiembre-1.jpeg?fit=1040%2C647&ssl=1","jetpack_sharing_enabled":true,"jetpack_shortlink":"https:\/\/wp.me\/p9yqPL-hex","jetpack_likes_enabled":true,"_links":{"self":[{"href":"https:\/\/globalnewsmexico.com\/sitio\/wp-json\/wp\/v2\/posts\/66249"}],"collection":[{"href":"https:\/\/globalnewsmexico.com\/sitio\/wp-json\/wp\/v2\/posts"}],"about":[{"href":"https:\/\/globalnewsmexico.com\/sitio\/wp-json\/wp\/v2\/types\/post"}],"author":[{"embeddable":true,"href":"https:\/\/globalnewsmexico.com\/sitio\/wp-json\/wp\/v2\/users\/5"}],"replies":[{"embeddable":true,"href":"https:\/\/globalnewsmexico.com\/sitio\/wp-json\/wp\/v2\/comments?post=66249"}],"version-history":[{"count":0,"href":"https:\/\/globalnewsmexico.com\/sitio\/wp-json\/wp\/v2\/posts\/66249\/revisions"}],"wp:featuredmedia":[{"embeddable":true,"href":"https:\/\/globalnewsmexico.com\/sitio\/wp-json\/wp\/v2\/media\/66251"}],"wp:attachment":[{"href":"https:\/\/globalnewsmexico.com\/sitio\/wp-json\/wp\/v2\/media?parent=66249"}],"wp:term":[{"taxonomy":"category","embeddable":true,"href":"https:\/\/globalnewsmexico.com\/sitio\/wp-json\/wp\/v2\/categories?post=66249"},{"taxonomy":"post_tag","embeddable":true,"href":"https:\/\/globalnewsmexico.com\/sitio\/wp-json\/wp\/v2\/tags?post=66249"}],"curies":[{"name":"wp","href":"https:\/\/api.w.org\/{rel}","templated":true}]}}