{"id":66252,"date":"2021-09-16T14:12:22","date_gmt":"2021-09-16T19:12:22","guid":{"rendered":"http:\/\/globalnewsmexico.com\/sitio\/?p=66252"},"modified":"2021-09-16T14:12:26","modified_gmt":"2021-09-16T19:12:26","slug":"joe-biden-envia-felicitacion-a-mexico-por-dia-de-la-independencia","status":"publish","type":"post","link":"https:\/\/globalnewsmexico.com\/sitio\/joe-biden-envia-felicitacion-a-mexico-por-dia-de-la-independencia\/","title":{"rendered":"Joe Biden env\u00eda felicitaci\u00f3n a M\u00e9xico por D\u00eda de la Independencia"},"content":{"rendered":"\n<p>El presidente\u00a0Joe Biden envi\u00f3 un mensaje\u00a0de felicitaci\u00f3n a los\u00a0mexicanos con motivo\u00a0de los\u00a0200 a\u00f1os de la consumaci\u00f3n de la\u00a0Independenciade M\u00e9xico.<\/p>\n\n\n\n<p>El\u00a0mensaje fue publicado\u00a0por la\u00a0Embajada de Estados Unidos en M\u00e9xico\u00a0a cargo de\u00a0Ken Salazar, quien recientemente present\u00f3 las\u00a0cartas credenciales al presidente L\u00f3pez Obrador.<\/p>\n\n\n\n<p>De parte del gobierno y del pueblo de los Estados Unidos de Am\u00e9rica, quiero felicitar a M\u00e9xico y a todos los mexicanos por la celebraci\u00f3n de los 200 a\u00f1os de la consumaci\u00f3n de su independencia\u2019, dice parte del mensaje enviado por Joe Biden.<\/p>\n\n\n\n<p>El\u00a0mandatario estadunidense subraya\u00a0en el mensaje la historia compartida que tiene\u00a0Estados Unidos y M\u00e9xico\u00a0a lo largo de su vida independiente.<\/p>\n\n\n\n<p>Adem\u00e1s, el presidente Joe Biden se\u00f1al\u00f3 que\u00a0M\u00e9xico es uno de los \u2018socios m\u00e1s preciados\u2019\u00a0y ambos pa\u00edses son capaces de cooperar para abordar retos conjuntos.<\/p>\n\n\n\n<p>En el \u00faltimo a\u00f1o, nuestras naciones reforzaron el comercio y la inversi\u00f3n a trav\u00e9s del Tratado de Libre Comercio M\u00e9xico, Estados Unidos y Canad\u00e1, o T-MEC; abordamos el fen\u00f3meno de la migraci\u00f3n en la frontera; y enfrentamos las crisis en materia de salud y econ\u00f3mica que surgieron a causa de la pandemia de la COVID-19\u2019, comenta.<\/p>\n\n\n\n<p>El mensaje termina recordando la visita de la\u00a0vicepresidenta Kamala Harris a M\u00e9xico\u00a0para reforzar los lazos de cooperaci\u00f3n y amistad entre Estados Unidos y M\u00e9xico.<\/p>\n\n\n\n<p>Por favor acepte mis m\u00e1s sinceros deseos y felicitaciones por el aniversario de la consumaci\u00f3n de la independencia en M\u00e9xico\u2019, finaliza.<\/p>\n\n\n\n<p>Fuente: Exc\u00e9lsior<\/p>\n\n\n\n<p><\/p>\n","protected":false},"excerpt":{"rendered":"<p>El presidente\u00a0Joe Biden envi\u00f3 un mensaje\u00a0de felicitaci\u00f3n a los\u00a0mexicanos con motivo\u00a0de los\u00a0200 a\u00f1os de la consumaci\u00f3n de la\u00a0Independenciade M\u00e9xico. El\u00a0mensaje fue publicado\u00a0por la\u00a0Embajada de Estados Unidos en M\u00e9xico\u00a0a cargo de\u00a0Ken Salazar, quien recientemente present\u00f3 las\u00a0cartas credenciales al presidente L\u00f3pez Obrador. De parte del gobierno y del pueblo de los Estados Unidos de Am\u00e9rica, quiero felicitar<a class=\"read-more\" href=\"https:\/\/globalnewsmexico.com\/sitio\/joe-biden-envia-felicitacion-a-mexico-por-dia-de-la-independencia\/\">Leer m\u00e1s<\/a><\/p>\n","protected":false},"author":5,"featured_media":66253,"comment_status":"closed","ping_status":"open","sticky":false,"template":"","format":"standard","meta":{"spay_email":"","footnotes":""},"categories":[37,8,48,52],"tags":[],"jetpack_featured_media_url":"https:\/\/i0.wp.com\/globalnewsmexico.com\/sitio\/wp-content\/uploads\/2021\/09\/16-de-septiembre-4.jpg?fit=1040%2C780&ssl=1","jetpack_sharing_enabled":true,"jetpack_shortlink":"https:\/\/wp.me\/p9yqPL-heA","jetpack_likes_enabled":true,"_links":{"self":[{"href":"https:\/\/globalnewsmexico.com\/sitio\/wp-json\/wp\/v2\/posts\/66252"}],"collection":[{"href":"https:\/\/globalnewsmexico.com\/sitio\/wp-json\/wp\/v2\/posts"}],"about":[{"href":"https:\/\/globalnewsmexico.com\/sitio\/wp-json\/wp\/v2\/types\/post"}],"author":[{"embeddable":true,"href":"https:\/\/globalnewsmexico.com\/sitio\/wp-json\/wp\/v2\/users\/5"}],"replies":[{"embeddable":true,"href":"https:\/\/globalnewsmexico.com\/sitio\/wp-json\/wp\/v2\/comments?post=66252"}],"version-history":[{"count":0,"href":"https:\/\/globalnewsmexico.com\/sitio\/wp-json\/wp\/v2\/posts\/66252\/revisions"}],"wp:featuredmedia":[{"embeddable":true,"href":"https:\/\/globalnewsmexico.com\/sitio\/wp-json\/wp\/v2\/media\/66253"}],"wp:attachment":[{"href":"https:\/\/globalnewsmexico.com\/sitio\/wp-json\/wp\/v2\/media?parent=66252"}],"wp:term":[{"taxonomy":"category","embeddable":true,"href":"https:\/\/globalnewsmexico.com\/sitio\/wp-json\/wp\/v2\/categories?post=66252"},{"taxonomy":"post_tag","embeddable":true,"href":"https:\/\/globalnewsmexico.com\/sitio\/wp-json\/wp\/v2\/tags?post=66252"}],"curies":[{"name":"wp","href":"https:\/\/api.w.org\/{rel}","templated":true}]}}