{"id":66263,"date":"2021-09-17T17:40:08","date_gmt":"2021-09-17T22:40:08","guid":{"rendered":"http:\/\/globalnewsmexico.com\/sitio\/?p=66263"},"modified":"2021-09-17T17:40:12","modified_gmt":"2021-09-17T22:40:12","slug":"se-dejara-una-administracion-fortalecida-victor-carranza","status":"publish","type":"post","link":"https:\/\/globalnewsmexico.com\/sitio\/se-dejara-una-administracion-fortalecida-victor-carranza\/","title":{"rendered":"Se dejar\u00e1 una administraci\u00f3n fortalecida: V\u00edctor Carranza"},"content":{"rendered":"\n<p>Coatzacoalcos, Ver. \u2013 Se planea dejar una administraci\u00f3n m\u00e1s fortalecida econ\u00f3micamente, en obra p\u00fablica una ciudad bien comunicada y en el caso de las bibliotecas, bien digitalizadas, se\u00f1al\u00f3 el Alcalde V\u00edctor Manuel Carranza Rosaldo.<\/p>\n\n\n\n<p>Por lo anterior, se tiene contemplado terminar las obras que se aprobaron dentro del presupuesto del 2021, adem\u00e1s de que ya se autoriz\u00f3 el presupuesto del 2020 por parte del Cabildo actual, para que se le d\u00e9 continuidad a lo que se ha logrado hasta hoy.<\/p>\n\n\n\n<p>\u201cPediremos el apoyo de los diputados locales y federales, para que el dinero que provenga de esas instancias aumenten por lo menos 100 millones a comparaci\u00f3n de lo que se ejerci\u00f3 en el 2021, sobre todo porque a los municipios ya se retiraron recursos dirigidos a la Seguridad P\u00fablica\u201d, coment\u00f3.<\/p>\n\n\n\n<p>\u201cNecesitamos seguir fortaleciendo a la Polic\u00eda Municipal; desde el 2018 la administraci\u00f3n municipal ha asignado una buena parte de su presupuesto a esta \u00e1rea. Para el 2022 se contempl\u00f3 un presupuesto de 160 millones de pesos. Se trabaja con los legisladores para bajar recursos en apoyo de la seguridad\u201d, recalc\u00f3 el mun\u00edcipe.<\/p>\n\n\n\n<p>Dijo que en lo que dura su administraci\u00f3n, su proyecto es seguir creciendo para ir fortaleciendo a la polic\u00eda y dentro del nuevo formato, cumplir con todas las certificaciones, no perder las vigencias y seguir prepar\u00e1ndolos.<\/p>\n\n\n\n<p>Agreg\u00f3 que hace votos para que sigan aportando buenos presupuestos los Fondos Federales, para que las obras contin\u00faen beneficiando a constructores locales y regionales y con ello mantener activa la derrama econ\u00f3mica de la localidad.<\/p>\n\n\n\n<p>El Alcalde dijo que espera encontrar el esquema apropiado para que en el mes de diciembre se instale en Coatzacoalcos una pista de hielo y este sea un atractivo m\u00e1s para el turismo que nos visita.<\/p>\n\n\n\n<p>\u201cSeguir fortaleciendo la promoci\u00f3n de la parte tur\u00edstica con eventos culturales y de los proyectos que se hicieron por parte de la SEDATU, as\u00ed como la capacitaci\u00f3n a los comerciantes informales, todo esto forma parte de sus \u00faltimas acciones como mun\u00edcipe\u201d, asegur\u00f3.<\/p>\n\n\n\n<p>Carranza Rosaldo, resalt\u00f3 que hasta el \u00faltimo d\u00eda de su administraci\u00f3n, continuar\u00e1 buscando los esquemas para reactivar a la microeconom\u00eda local y regional, ya que somos, m\u00e1s de 20 municipios en la zona sur.<\/p>\n\n\n\n<p>Por otro lado, detall\u00f3 que el Gobierno Municipal est\u00e1 trabajando fuertemente con el Gobierno Federal y Estatal, en temas como la Planta de Tratamiento y el sitio de disposici\u00f3n de residuos s\u00f3lidos urbanos.<\/p>\n\n\n\n<p>Igualmente, en el majo integral de todos los residuos, como se hizo con la empresa recicladora Cruz Azul, para que ellos le den otra disposici\u00f3n a las llantas en desuso.<\/p>\n\n\n\n<p>Aunado a ello, se busca la instalaci\u00f3n de una Planta Procesadora Regional y un predio para el relleno sanitario.<\/p>\n\n\n\n<p>\u201cHasta el momento hemos visto tres lugares espec\u00edficos, buscamos que se logre la implementaci\u00f3n del Programa Federal Cero Basura y aprovechar todo lo reciclable. Quiz\u00e1 a nosotros ya no nos alcance el tiempo, pero estamos avanzando en dejar las bases\u201d, finaliz\u00f3.<\/p>\n\n\n\n<p>Fuente: Redacci\u00f3n<\/p>\n\n\n\n<p><\/p>\n","protected":false},"excerpt":{"rendered":"<p>Coatzacoalcos, Ver. \u2013 Se planea dejar una administraci\u00f3n m\u00e1s fortalecida econ\u00f3micamente, en obra p\u00fablica una ciudad bien comunicada y en el caso de las bibliotecas, bien digitalizadas, se\u00f1al\u00f3 el Alcalde V\u00edctor Manuel Carranza Rosaldo. Por lo anterior, se tiene contemplado terminar las obras que se aprobaron dentro del presupuesto del 2021, adem\u00e1s de que ya<a class=\"read-more\" href=\"https:\/\/globalnewsmexico.com\/sitio\/se-dejara-una-administracion-fortalecida-victor-carranza\/\">Leer m\u00e1s<\/a><\/p>\n","protected":false},"author":5,"featured_media":66264,"comment_status":"closed","ping_status":"open","sticky":false,"template":"","format":"standard","meta":{"spay_email":"","footnotes":""},"categories":[37,8,50,52],"tags":[],"jetpack_featured_media_url":"https:\/\/i0.wp.com\/globalnewsmexico.com\/sitio\/wp-content\/uploads\/2021\/09\/17-de-septiembre-3.jpg?fit=1040%2C693&ssl=1","jetpack_sharing_enabled":true,"jetpack_shortlink":"https:\/\/wp.me\/p9yqPL-heL","jetpack_likes_enabled":true,"_links":{"self":[{"href":"https:\/\/globalnewsmexico.com\/sitio\/wp-json\/wp\/v2\/posts\/66263"}],"collection":[{"href":"https:\/\/globalnewsmexico.com\/sitio\/wp-json\/wp\/v2\/posts"}],"about":[{"href":"https:\/\/globalnewsmexico.com\/sitio\/wp-json\/wp\/v2\/types\/post"}],"author":[{"embeddable":true,"href":"https:\/\/globalnewsmexico.com\/sitio\/wp-json\/wp\/v2\/users\/5"}],"replies":[{"embeddable":true,"href":"https:\/\/globalnewsmexico.com\/sitio\/wp-json\/wp\/v2\/comments?post=66263"}],"version-history":[{"count":0,"href":"https:\/\/globalnewsmexico.com\/sitio\/wp-json\/wp\/v2\/posts\/66263\/revisions"}],"wp:featuredmedia":[{"embeddable":true,"href":"https:\/\/globalnewsmexico.com\/sitio\/wp-json\/wp\/v2\/media\/66264"}],"wp:attachment":[{"href":"https:\/\/globalnewsmexico.com\/sitio\/wp-json\/wp\/v2\/media?parent=66263"}],"wp:term":[{"taxonomy":"category","embeddable":true,"href":"https:\/\/globalnewsmexico.com\/sitio\/wp-json\/wp\/v2\/categories?post=66263"},{"taxonomy":"post_tag","embeddable":true,"href":"https:\/\/globalnewsmexico.com\/sitio\/wp-json\/wp\/v2\/tags?post=66263"}],"curies":[{"name":"wp","href":"https:\/\/api.w.org\/{rel}","templated":true}]}}