{"id":66265,"date":"2021-09-17T17:47:43","date_gmt":"2021-09-17T22:47:43","guid":{"rendered":"http:\/\/globalnewsmexico.com\/sitio\/?p=66265"},"modified":"2021-09-17T17:47:46","modified_gmt":"2021-09-17T22:47:46","slug":"impera-el-orden-en-vacunacion-de-personas-de-40-anos","status":"publish","type":"post","link":"https:\/\/globalnewsmexico.com\/sitio\/impera-el-orden-en-vacunacion-de-personas-de-40-anos\/","title":{"rendered":"Impera el orden en vacunaci\u00f3n de personas de 40 a\u00f1os"},"content":{"rendered":"\n<p>Coatzacoalcos, Ver. \u2013 Durante este viernes, imper\u00f3 el orden en el ITESCO y \u201cLa Alameda\u201d, donde se aplic\u00f3 la segunda dosis de la vacuna AstraZeneca contra el COVID-19 para personas de 40 a 49 a\u00f1os. Ma\u00f1ana s\u00e1bado, se atender\u00e1 a los rezagados y mujeres embarazadas con 9 semanas de gestaci\u00f3n.<\/p>\n\n\n\n<p>Este d\u00eda, se atendieron a las personas cuyos apellidos iniciaban con la letra R y Z, por lo que tanto el personal de la Secretar\u00eda de Salud, como los Servidores de la Naci\u00f3n, tuvieron todo perfectamente coordinado para que los habitantes, tras su vacunaci\u00f3n, s\u00f3lo permanecieran el tiempo reglamentario y salir sin contratiempos, lo que agiliz\u00f3 mucho la jornada.<\/p>\n\n\n\n<p>Los ciudadanos entrevistados despu\u00e9s de recibir su segunda dosis, agradecieron tanto al Gobierno Federal, Estatal como Municipal, por haberles brindado la tranquilidad de poder contar con su esquema completo.<\/p>\n\n\n\n<p>Ma\u00f1ana finaliza la inmunizaci\u00f3n del sector poblacional de 40 a 49 a\u00f1os y se tiene previsto que tras la conclusi\u00f3n, ya m\u00e1s de 30 mil personas completar\u00edan su esquema de vacunaci\u00f3n.<\/p>\n\n\n\n<p>Este 18 de septiembre, tambi\u00e9n se vacunar\u00e1 a la poblaci\u00f3n rezagada en las sedes del ITESCO y la Unidad Deportiva \u201cLa Alameda\u201d.<\/p>\n\n\n\n<p>Es importante presentarse con su credencial de elector, el comprobante de la aplicaci\u00f3n de la primera dosis y el expediente impreso, el cual pueden conseguir en la p\u00e1gina mivacuna.gob.mx.<\/p>\n\n\n\n<p>VACUNACI\u00d3N PARA LOS J\u00d3VENES<\/p>\n\n\n\n<p>El siguiente segmento de poblaci\u00f3n que ser\u00e1 vacunado, son los que actualmente tienen una edad de 18 a 29 a\u00f1os. Los horarios de vacunaci\u00f3n ser\u00e1n de 8 de la ma\u00f1ana a 5 de la tarde.<\/p>\n\n\n\n<p>Ser\u00e1 este domingo 19 al mi\u00e9rcoles 22 de septiembre en la Unidad Deportiva \u201cMargarita Maza de Ju\u00e1rez\u201d y \u201cLa Alameda\u201d e ITESCO.<\/p>\n\n\n\n<p>El mi\u00e9rcoles 22 de septiembre, se inmunizar\u00e1 a la poblaci\u00f3n de Villa Allende en su domo central y a la de la Congregaci\u00f3n de Mundo Nuevo en las instalaciones del Gimnasio, tambi\u00e9n de 8 de la ma\u00f1ana a 5 de la tarde.<\/p>\n\n\n\n<p>Fuente: Redacci\u00f3n<\/p>\n\n\n\n<p><\/p>\n","protected":false},"excerpt":{"rendered":"<p>Coatzacoalcos, Ver. \u2013 Durante este viernes, imper\u00f3 el orden en el ITESCO y \u201cLa Alameda\u201d, donde se aplic\u00f3 la segunda dosis de la vacuna AstraZeneca contra el COVID-19 para personas de 40 a 49 a\u00f1os. Ma\u00f1ana s\u00e1bado, se atender\u00e1 a los rezagados y mujeres embarazadas con 9 semanas de gestaci\u00f3n. Este d\u00eda, se atendieron a<a class=\"read-more\" href=\"https:\/\/globalnewsmexico.com\/sitio\/impera-el-orden-en-vacunacion-de-personas-de-40-anos\/\">Leer m\u00e1s<\/a><\/p>\n","protected":false},"author":5,"featured_media":66266,"comment_status":"closed","ping_status":"open","sticky":false,"template":"","format":"standard","meta":{"spay_email":"","footnotes":""},"categories":[37,8,50,52],"tags":[],"jetpack_featured_media_url":"https:\/\/i1.wp.com\/globalnewsmexico.com\/sitio\/wp-content\/uploads\/2021\/09\/17-de-septiembre-4.jpg?fit=1040%2C693&ssl=1","jetpack_sharing_enabled":true,"jetpack_shortlink":"https:\/\/wp.me\/p9yqPL-heN","jetpack_likes_enabled":true,"_links":{"self":[{"href":"https:\/\/globalnewsmexico.com\/sitio\/wp-json\/wp\/v2\/posts\/66265"}],"collection":[{"href":"https:\/\/globalnewsmexico.com\/sitio\/wp-json\/wp\/v2\/posts"}],"about":[{"href":"https:\/\/globalnewsmexico.com\/sitio\/wp-json\/wp\/v2\/types\/post"}],"author":[{"embeddable":true,"href":"https:\/\/globalnewsmexico.com\/sitio\/wp-json\/wp\/v2\/users\/5"}],"replies":[{"embeddable":true,"href":"https:\/\/globalnewsmexico.com\/sitio\/wp-json\/wp\/v2\/comments?post=66265"}],"version-history":[{"count":0,"href":"https:\/\/globalnewsmexico.com\/sitio\/wp-json\/wp\/v2\/posts\/66265\/revisions"}],"wp:featuredmedia":[{"embeddable":true,"href":"https:\/\/globalnewsmexico.com\/sitio\/wp-json\/wp\/v2\/media\/66266"}],"wp:attachment":[{"href":"https:\/\/globalnewsmexico.com\/sitio\/wp-json\/wp\/v2\/media?parent=66265"}],"wp:term":[{"taxonomy":"category","embeddable":true,"href":"https:\/\/globalnewsmexico.com\/sitio\/wp-json\/wp\/v2\/categories?post=66265"},{"taxonomy":"post_tag","embeddable":true,"href":"https:\/\/globalnewsmexico.com\/sitio\/wp-json\/wp\/v2\/tags?post=66265"}],"curies":[{"name":"wp","href":"https:\/\/api.w.org\/{rel}","templated":true}]}}