{"id":66296,"date":"2021-09-22T12:03:58","date_gmt":"2021-09-22T17:03:58","guid":{"rendered":"http:\/\/globalnewsmexico.com\/sitio\/?p=66296"},"modified":"2021-09-22T12:04:01","modified_gmt":"2021-09-22T17:04:01","slug":"amlo-promete-un-millon-de-vacunas-contra-covid-19-para-ninos","status":"publish","type":"post","link":"https:\/\/globalnewsmexico.com\/sitio\/amlo-promete-un-millon-de-vacunas-contra-covid-19-para-ninos\/","title":{"rendered":"AMLO promete un mill\u00f3n de vacunas contra Covid-19, para ni\u00f1os"},"content":{"rendered":"\n<p>Durante la\u00a0Conferencia Ma\u00f1anera\u00a0de Palacio Nacional, el presidente\u00a0L\u00f3pez Obrador\u00a0dijo que su administraci\u00f3n aplicar\u00e1 la vacuna contra\u00a0Covid-19\u00a0a m\u00e1s de un mill\u00f3n de\u00a0ni\u00f1os\u00a0que tengan alguna enfermedad o discapacidad.<\/p>\n\n\n\n<p>El titular del\u00a0Ejecutivo\u00a0reiter\u00f3 que a finales de\u00a0octubre todos los mayores de edad estar\u00e1n vacunados contra\u00a0Covid-19, pero los menores de edad no estaban contemplados en el\u00a0Plan Nacional de Vacunaci\u00f3n.\u00a0\u00a0Esto porque, hasta hace poco la\u00a0Secretar\u00eda de Salud\u00a0lo consideraba innecesario.<\/p>\n\n\n\n<p>L\u00f3pez Obrador\u00a0explic\u00f3 que los beneficiarios de esta medida ser\u00e1n ni\u00f1os que requieren un tratamiento especial. \u00abSe va a vacunar a m\u00e1s de un mill\u00f3n de ni\u00f1os en el pa\u00eds, ser\u00e1n ni\u00f1os con discapacidad, con alg\u00fan problema o\u00a0una enfermedad\u00bb, dijo.<\/p>\n\n\n\n<p>Hasta el momento,\u00a0M\u00e9xico\u00a0ha registrado 3.6 millones de casos de contagios de\u00a0Covid-19, con un saldo de\u00a0270 mil muertes. Al respecto, el subsecretario de Prevenci\u00f3n y Promoci\u00f3n de la Salud,\u00a0Hugo L\u00f3pez-Gatell\u00a0dijo que nuestro pa\u00eds suma ocho semanas consecutivas con una reducci\u00f3n de los contagios y fallecimientos.<\/p>\n\n\n\n<p>Fuente: El Heraldo de M\u00e9xico<\/p>\n\n\n\n<p><\/p>\n","protected":false},"excerpt":{"rendered":"<p>Durante la\u00a0Conferencia Ma\u00f1anera\u00a0de Palacio Nacional, el presidente\u00a0L\u00f3pez Obrador\u00a0dijo que su administraci\u00f3n aplicar\u00e1 la vacuna contra\u00a0Covid-19\u00a0a m\u00e1s de un mill\u00f3n de\u00a0ni\u00f1os\u00a0que tengan alguna enfermedad o discapacidad. El titular del\u00a0Ejecutivo\u00a0reiter\u00f3 que a finales de\u00a0octubre todos los mayores de edad estar\u00e1n vacunados contra\u00a0Covid-19, pero los menores de edad no estaban contemplados en el\u00a0Plan Nacional de Vacunaci\u00f3n.\u00a0\u00a0Esto porque, hasta<a class=\"read-more\" href=\"https:\/\/globalnewsmexico.com\/sitio\/amlo-promete-un-millon-de-vacunas-contra-covid-19-para-ninos\/\">Leer m\u00e1s<\/a><\/p>\n","protected":false},"author":5,"featured_media":66297,"comment_status":"closed","ping_status":"open","sticky":false,"template":"","format":"standard","meta":{"spay_email":"","footnotes":""},"categories":[37,8,42,52],"tags":[],"jetpack_featured_media_url":"https:\/\/i1.wp.com\/globalnewsmexico.com\/sitio\/wp-content\/uploads\/2021\/09\/22-de-septiembre-2.jpg?fit=1040%2C585&ssl=1","jetpack_sharing_enabled":true,"jetpack_shortlink":"https:\/\/wp.me\/p9yqPL-hfi","jetpack_likes_enabled":true,"_links":{"self":[{"href":"https:\/\/globalnewsmexico.com\/sitio\/wp-json\/wp\/v2\/posts\/66296"}],"collection":[{"href":"https:\/\/globalnewsmexico.com\/sitio\/wp-json\/wp\/v2\/posts"}],"about":[{"href":"https:\/\/globalnewsmexico.com\/sitio\/wp-json\/wp\/v2\/types\/post"}],"author":[{"embeddable":true,"href":"https:\/\/globalnewsmexico.com\/sitio\/wp-json\/wp\/v2\/users\/5"}],"replies":[{"embeddable":true,"href":"https:\/\/globalnewsmexico.com\/sitio\/wp-json\/wp\/v2\/comments?post=66296"}],"version-history":[{"count":0,"href":"https:\/\/globalnewsmexico.com\/sitio\/wp-json\/wp\/v2\/posts\/66296\/revisions"}],"wp:featuredmedia":[{"embeddable":true,"href":"https:\/\/globalnewsmexico.com\/sitio\/wp-json\/wp\/v2\/media\/66297"}],"wp:attachment":[{"href":"https:\/\/globalnewsmexico.com\/sitio\/wp-json\/wp\/v2\/media?parent=66296"}],"wp:term":[{"taxonomy":"category","embeddable":true,"href":"https:\/\/globalnewsmexico.com\/sitio\/wp-json\/wp\/v2\/categories?post=66296"},{"taxonomy":"post_tag","embeddable":true,"href":"https:\/\/globalnewsmexico.com\/sitio\/wp-json\/wp\/v2\/tags?post=66296"}],"curies":[{"name":"wp","href":"https:\/\/api.w.org\/{rel}","templated":true}]}}