{"id":66305,"date":"2021-09-22T20:13:08","date_gmt":"2021-09-23T01:13:08","guid":{"rendered":"http:\/\/globalnewsmexico.com\/sitio\/?p=66305"},"modified":"2021-09-22T20:13:11","modified_gmt":"2021-09-23T01:13:11","slug":"resolucion-del-tev-ratifica-la-voluntad-ciudadana-expresada-en-las-urnas-amado-cruz-malpica","status":"publish","type":"post","link":"https:\/\/globalnewsmexico.com\/sitio\/resolucion-del-tev-ratifica-la-voluntad-ciudadana-expresada-en-las-urnas-amado-cruz-malpica\/","title":{"rendered":"Resoluci\u00f3n del TEV ratifica la voluntad ciudadana expresada en las urnas: Amado Cruz Malpica"},"content":{"rendered":"\n<p>Morena tendr\u00e1 mayor\u00eda relativa en el pr\u00f3ximo Cabildo con 8 regidur\u00edas, informa el alcalde electo<\/p>\n\n\n\n<p>COATZACOALCOS, VERACRUZ ( 22 DE SEPTIEMBRE).-<\/p>\n\n\n\n<p>El Tribunal Electoral de Veracruz (TEV) ratific\u00f3 la voluntad popular expresada en las urnas el pasado 6 de junio tras desechar la impugnaci\u00f3n de los comicios en Coatzacoalcos, consider\u00f3 el Alcalde electo, Amado Jes\u00fas Cruz Malpica.<\/p>\n\n\n\n<p>\u201cSe cierra una fase m\u00e1s del proceso electoral ahora en sede judicial. No hay sorpresas: el Tribunal ratifica una decisi\u00f3n que fue tomada desde junio pasado por un n\u00famero significativo de ciudadanos en Coatzacoalcos\u201d, mencion\u00f3 al ser entrevistado por los medios.<\/p>\n\n\n\n<p>A\u00f1adi\u00f3 que \u00bb Las muy pocas casillas que quedaron sin efecto hacen una merma proporcional a todos los partidos pol\u00edticos; es decir, Morena pierde algunos votos pero tambi\u00e9n pierden votos los otros partidos pol\u00edticos.\u00bb<\/p>\n\n\n\n<p>Cruz Malpica puntualiz\u00f3 que Morena contar\u00e1 con 8 posiciones edilicias y se mantiene la mayor\u00eda relativa en la pr\u00f3xima administraci\u00f3n municipal a\u00fan con el dictamen del Tribunal Electoral.<\/p>\n\n\n\n<p>\u201cUna vez que se integre el cuerpo edilicio vamos a tener interlocuci\u00f3n con todos los ediles y desde luego a darles el espacio, todo el respeto que se merecen porque tambi\u00e9n fueron votados\u201d, remarc\u00f3.<\/p>\n\n\n\n<p>Hizo un llamado a la reconciliaci\u00f3n pol\u00edtica tras la sentencia del TEV.<\/p>\n\n\n\n<p>\u201cEl cap\u00edtulo electoral cada vez se aleja m\u00e1s en t\u00e9rminos cronol\u00f3gicos y jur\u00eddicos. Ahora hay que ponernos todos del lado de la gente de Coatzacoalcos para que haya inversi\u00f3n, que estos millones de pesos que se est\u00e1n asignando de entrada al Corredor Interoce\u00e1nico aterricen de manera puntual en nuestra regi\u00f3n\u201d, mencion\u00f3.<\/p>\n\n\n\n<p>ENTREGA RECEPCI\u00d3N<\/p>\n\n\n\n<p>El alcalde electo de Coatzacoalcos inform\u00f3 que en octubre dar\u00e1 a conocer los nombres de las personas, comisiones y \u00e1reas respectivas que participar\u00e1n en el Proceso de Entrega \u2013 Recepci\u00f3n con el Ayuntamiento.<\/p>\n\n\n\n<p>El proceso de entrega-recepci\u00f3n est\u00e1 siendo supervisado por el ORFIS, que adem\u00e1s brinda cursos de capacitaci\u00f3n, a\u00f1adi\u00f3.<\/p>\n\n\n\n<p>REGRESO A LA CURUL<\/p>\n\n\n\n<p>Amado Jes\u00fas Cruz Malpica aclar\u00f3 que ya regres\u00f3 a la LXV Legislatura como diputado presidente de la Comisi\u00f3n Legislativa de Desarrollo Econ\u00f3mico y del Corredor Interoce\u00e1nico del Istmo de Tehuantepec.<\/p>\n\n\n\n<p>En los pr\u00f3ximos d\u00edas, participar\u00e1 en un periodo extraordinario del Congreso Estatal para la revisi\u00f3n de la cuenta p\u00fablica 2020 y revisi\u00f3n de las propuestas de Ley de Egresos de los municipios que ya fueron presentados ante la Legislatura.<\/p>\n\n\n\n<p>Se espera un incremento moderado en la asignaci\u00f3n de recursos presupuestales para Coatzacoalcos en el ejercicio fiscal 2022, concluy\u00f3.<\/p>\n\n\n\n<p>Fuente: Redacci\u00f3n<\/p>\n\n\n\n<p><\/p>\n","protected":false},"excerpt":{"rendered":"<p>Morena tendr\u00e1 mayor\u00eda relativa en el pr\u00f3ximo Cabildo con 8 regidur\u00edas, informa el alcalde electo COATZACOALCOS, VERACRUZ ( 22 DE SEPTIEMBRE).- El Tribunal Electoral de Veracruz (TEV) ratific\u00f3 la voluntad popular expresada en las urnas el pasado 6 de junio tras desechar la impugnaci\u00f3n de los comicios en Coatzacoalcos, consider\u00f3 el Alcalde electo, Amado Jes\u00fas<a class=\"read-more\" href=\"https:\/\/globalnewsmexico.com\/sitio\/resolucion-del-tev-ratifica-la-voluntad-ciudadana-expresada-en-las-urnas-amado-cruz-malpica\/\">Leer m\u00e1s<\/a><\/p>\n","protected":false},"author":5,"featured_media":66306,"comment_status":"closed","ping_status":"open","sticky":false,"template":"","format":"standard","meta":{"spay_email":"","footnotes":""},"categories":[37,8,50,52],"tags":[],"jetpack_featured_media_url":"https:\/\/i0.wp.com\/globalnewsmexico.com\/sitio\/wp-content\/uploads\/2021\/09\/22-de-septiembre-6.jpg?fit=1040%2C691&ssl=1","jetpack_sharing_enabled":true,"jetpack_shortlink":"https:\/\/wp.me\/p9yqPL-hfr","jetpack_likes_enabled":true,"_links":{"self":[{"href":"https:\/\/globalnewsmexico.com\/sitio\/wp-json\/wp\/v2\/posts\/66305"}],"collection":[{"href":"https:\/\/globalnewsmexico.com\/sitio\/wp-json\/wp\/v2\/posts"}],"about":[{"href":"https:\/\/globalnewsmexico.com\/sitio\/wp-json\/wp\/v2\/types\/post"}],"author":[{"embeddable":true,"href":"https:\/\/globalnewsmexico.com\/sitio\/wp-json\/wp\/v2\/users\/5"}],"replies":[{"embeddable":true,"href":"https:\/\/globalnewsmexico.com\/sitio\/wp-json\/wp\/v2\/comments?post=66305"}],"version-history":[{"count":0,"href":"https:\/\/globalnewsmexico.com\/sitio\/wp-json\/wp\/v2\/posts\/66305\/revisions"}],"wp:featuredmedia":[{"embeddable":true,"href":"https:\/\/globalnewsmexico.com\/sitio\/wp-json\/wp\/v2\/media\/66306"}],"wp:attachment":[{"href":"https:\/\/globalnewsmexico.com\/sitio\/wp-json\/wp\/v2\/media?parent=66305"}],"wp:term":[{"taxonomy":"category","embeddable":true,"href":"https:\/\/globalnewsmexico.com\/sitio\/wp-json\/wp\/v2\/categories?post=66305"},{"taxonomy":"post_tag","embeddable":true,"href":"https:\/\/globalnewsmexico.com\/sitio\/wp-json\/wp\/v2\/tags?post=66305"}],"curies":[{"name":"wp","href":"https:\/\/api.w.org\/{rel}","templated":true}]}}