{"id":66397,"date":"2021-10-06T13:33:56","date_gmt":"2021-10-06T18:33:56","guid":{"rendered":"http:\/\/globalnewsmexico.com\/sitio\/?p=66397"},"modified":"2021-10-06T13:33:59","modified_gmt":"2021-10-06T18:33:59","slug":"con-reforma-electrica-legisladores-mostraran-si-estan-a-favor-del-pueblo-o-no-dice-amlo","status":"publish","type":"post","link":"https:\/\/globalnewsmexico.com\/sitio\/con-reforma-electrica-legisladores-mostraran-si-estan-a-favor-del-pueblo-o-no-dice-amlo\/","title":{"rendered":"Con reforma el\u00e9ctrica, legisladores mostrar\u00e1n si est\u00e1n a favor del pueblo o no, dice AMLO"},"content":{"rendered":"\n<p>El presidente\u00a0Andr\u00e9s Manuel L\u00f3pez Obrador\u00a0dijo que con la discusi\u00f3n y votaci\u00f3n de la\u00a0reforma el\u00e9ctrica, los senadores y diputados tendr\u00e1n la oportunidad de mostrar si est\u00e1n\u00a0a favor de las empresas o del pueblo.<\/p>\n\n\n\n<p>En La Ma\u00f1anera, L\u00f3pez Obrador\u00a0llam\u00f3 a los legisladores a no guiarse por los intereses de grupo y asumir un sitio, pues asegur\u00f3 que la reforma no es un asunto de partidos pol\u00edticos.<\/p>\n\n\n\n<p>\u201cLos legisladores en general, no s\u00f3lo de un partido, tienen que definirse, tienen que colocarse en su sitio\u00bb.\u00a0<\/p>\n\n\n\n<p>\u00abEntonces los legisladores van ahora a manifestar si est\u00e1n a favor del pueblo, del consumidor, del usuario o est\u00e1n a favor de las empresas, de los grupos de intereses creados, no s\u00f3lo es un asunto de partidos\u201d, dijo en Palacio Nacional.<\/p>\n\n\n\n<p>El Presidente consider\u00f3 que si los legisladores deciden apoyar a la Comisi\u00f3n Federal de Electricidad (CFE), se va \u00aba tener la garant\u00eda de que no va a faltar la energ\u00eda el\u00e9ctrica\u00bb\u00a0y que no se va a aumentar el precio de la luz.<\/p>\n\n\n\n<p>\u00abPuede haber un legislador del PAN honesto y puede decir soy representante del pueblo no representante del PAN, porque los legisladores no son representantes de los partidos, son representantes del pueblo y no se pueden hacer llamar representantes populares cuando no lo son\u00bb, afirm\u00f3.<\/p>\n\n\n\n<p>Fuente: Milenio<\/p>\n\n\n\n<p><\/p>\n","protected":false},"excerpt":{"rendered":"<p>El presidente\u00a0Andr\u00e9s Manuel L\u00f3pez Obrador\u00a0dijo que con la discusi\u00f3n y votaci\u00f3n de la\u00a0reforma el\u00e9ctrica, los senadores y diputados tendr\u00e1n la oportunidad de mostrar si est\u00e1n\u00a0a favor de las empresas o del pueblo. En La Ma\u00f1anera, L\u00f3pez Obrador\u00a0llam\u00f3 a los legisladores a no guiarse por los intereses de grupo y asumir un sitio, pues asegur\u00f3 que<a class=\"read-more\" href=\"https:\/\/globalnewsmexico.com\/sitio\/con-reforma-electrica-legisladores-mostraran-si-estan-a-favor-del-pueblo-o-no-dice-amlo\/\">Leer m\u00e1s<\/a><\/p>\n","protected":false},"author":5,"featured_media":66398,"comment_status":"closed","ping_status":"open","sticky":false,"template":"","format":"standard","meta":{"spay_email":"","footnotes":""},"categories":[37,8,49,52],"tags":[],"jetpack_featured_media_url":"https:\/\/i2.wp.com\/globalnewsmexico.com\/sitio\/wp-content\/uploads\/2021\/10\/6-de-octubre.jpeg?fit=1040%2C647&ssl=1","jetpack_sharing_enabled":true,"jetpack_shortlink":"https:\/\/wp.me\/p9yqPL-hgV","jetpack_likes_enabled":true,"_links":{"self":[{"href":"https:\/\/globalnewsmexico.com\/sitio\/wp-json\/wp\/v2\/posts\/66397"}],"collection":[{"href":"https:\/\/globalnewsmexico.com\/sitio\/wp-json\/wp\/v2\/posts"}],"about":[{"href":"https:\/\/globalnewsmexico.com\/sitio\/wp-json\/wp\/v2\/types\/post"}],"author":[{"embeddable":true,"href":"https:\/\/globalnewsmexico.com\/sitio\/wp-json\/wp\/v2\/users\/5"}],"replies":[{"embeddable":true,"href":"https:\/\/globalnewsmexico.com\/sitio\/wp-json\/wp\/v2\/comments?post=66397"}],"version-history":[{"count":0,"href":"https:\/\/globalnewsmexico.com\/sitio\/wp-json\/wp\/v2\/posts\/66397\/revisions"}],"wp:featuredmedia":[{"embeddable":true,"href":"https:\/\/globalnewsmexico.com\/sitio\/wp-json\/wp\/v2\/media\/66398"}],"wp:attachment":[{"href":"https:\/\/globalnewsmexico.com\/sitio\/wp-json\/wp\/v2\/media?parent=66397"}],"wp:term":[{"taxonomy":"category","embeddable":true,"href":"https:\/\/globalnewsmexico.com\/sitio\/wp-json\/wp\/v2\/categories?post=66397"},{"taxonomy":"post_tag","embeddable":true,"href":"https:\/\/globalnewsmexico.com\/sitio\/wp-json\/wp\/v2\/tags?post=66397"}],"curies":[{"name":"wp","href":"https:\/\/api.w.org\/{rel}","templated":true}]}}