{"id":66424,"date":"2021-10-07T20:22:39","date_gmt":"2021-10-08T01:22:39","guid":{"rendered":"http:\/\/globalnewsmexico.com\/sitio\/?p=66424"},"modified":"2021-10-07T20:22:42","modified_gmt":"2021-10-08T01:22:42","slug":"manana-abriran-modulo-de-vacunacion-antirrabica-en-colonia-24-de-octubre","status":"publish","type":"post","link":"https:\/\/globalnewsmexico.com\/sitio\/manana-abriran-modulo-de-vacunacion-antirrabica-en-colonia-24-de-octubre\/","title":{"rendered":"Ma\u00f1ana abrir\u00e1n m\u00f3dulo de Vacunaci\u00f3n Antirr\u00e1bica en colonia 24 de Octubre"},"content":{"rendered":"\n<p>\u2022 El m\u00f3dulo funcionar\u00e1 de 9 de la ma\u00f1ana a 1 de la tarde.<\/p>\n\n\n\n<p>Coatzacoalcos, Ver. \u2013 Al resultar un \u00e9xito la Jornada de Vacunaci\u00f3n Antirr\u00e1bica que se llev\u00f3 a cabo hoy en la colonia 24 de Octubre, se determin\u00f3 que ma\u00f1ana jueves se seguir\u00e1 inmunizando a las mascotas de ese asentamiento.<\/p>\n\n\n\n<p>De 9 de la ma\u00f1ana a 1 de la tarde, estar\u00e1 instalado el m\u00f3dulo de vacunaci\u00f3n en la calle Antonio Hern\u00e1ndez Abrego, esquina con Carlos Romero Deschamps.<\/p>\n\n\n\n<p>Lo anterior fue informado por la Direcci\u00f3n de Salud P\u00fablica Municipal, la cual agreg\u00f3 que debido a la gran poblaci\u00f3n de estos animales que hay en esa colonia, se decidi\u00f3 abrir una fecha m\u00e1s de esta Jornada de Vacunaci\u00f3n, que este d\u00eda atendi\u00f3 a ese sector y la colonia Paseo de Las Palmas.<\/p>\n\n\n\n<p>Ma\u00f1ana, igualmente se llevar\u00e1n 200 vacunas antirr\u00e1bicas a este m\u00f3dulo de la colonia 24 de Octubre.<\/p>\n\n\n\n<p>RESULTADOS DE LA VACUNACI\u00d3N DE HOY<\/p>\n\n\n\n<p>Por otra parte, el Dr. Juan Ram\u00f3n Flores, detall\u00f3 que hoy la Jornada de Vacunaci\u00f3n Antirr\u00e1bica fue un \u00e9xito, ya que en la colonia Paseo de Las Palmas fueron inmunizados 134 perros y 26 gatos; mientras que en la 24 de Octubre, 153 perros y 7 gatos.<\/p>\n\n\n\n<p>Fuente: Redacci\u00f3n <\/p>\n\n\n\n<p><\/p>\n","protected":false},"excerpt":{"rendered":"<p>\u2022 El m\u00f3dulo funcionar\u00e1 de 9 de la ma\u00f1ana a 1 de la tarde. Coatzacoalcos, Ver. \u2013 Al resultar un \u00e9xito la Jornada de Vacunaci\u00f3n Antirr\u00e1bica que se llev\u00f3 a cabo hoy en la colonia 24 de Octubre, se determin\u00f3 que ma\u00f1ana jueves se seguir\u00e1 inmunizando a las mascotas de ese asentamiento. De 9 de<a class=\"read-more\" href=\"https:\/\/globalnewsmexico.com\/sitio\/manana-abriran-modulo-de-vacunacion-antirrabica-en-colonia-24-de-octubre\/\">Leer m\u00e1s<\/a><\/p>\n","protected":false},"author":5,"featured_media":66425,"comment_status":"closed","ping_status":"open","sticky":false,"template":"","format":"standard","meta":{"spay_email":"","footnotes":""},"categories":[37,8,50,52],"tags":[],"jetpack_featured_media_url":"https:\/\/i2.wp.com\/globalnewsmexico.com\/sitio\/wp-content\/uploads\/2021\/10\/7-de-octubre-3.jpg?fit=1040%2C693&ssl=1","jetpack_sharing_enabled":true,"jetpack_shortlink":"https:\/\/wp.me\/p9yqPL-hhm","jetpack_likes_enabled":true,"_links":{"self":[{"href":"https:\/\/globalnewsmexico.com\/sitio\/wp-json\/wp\/v2\/posts\/66424"}],"collection":[{"href":"https:\/\/globalnewsmexico.com\/sitio\/wp-json\/wp\/v2\/posts"}],"about":[{"href":"https:\/\/globalnewsmexico.com\/sitio\/wp-json\/wp\/v2\/types\/post"}],"author":[{"embeddable":true,"href":"https:\/\/globalnewsmexico.com\/sitio\/wp-json\/wp\/v2\/users\/5"}],"replies":[{"embeddable":true,"href":"https:\/\/globalnewsmexico.com\/sitio\/wp-json\/wp\/v2\/comments?post=66424"}],"version-history":[{"count":0,"href":"https:\/\/globalnewsmexico.com\/sitio\/wp-json\/wp\/v2\/posts\/66424\/revisions"}],"wp:featuredmedia":[{"embeddable":true,"href":"https:\/\/globalnewsmexico.com\/sitio\/wp-json\/wp\/v2\/media\/66425"}],"wp:attachment":[{"href":"https:\/\/globalnewsmexico.com\/sitio\/wp-json\/wp\/v2\/media?parent=66424"}],"wp:term":[{"taxonomy":"category","embeddable":true,"href":"https:\/\/globalnewsmexico.com\/sitio\/wp-json\/wp\/v2\/categories?post=66424"},{"taxonomy":"post_tag","embeddable":true,"href":"https:\/\/globalnewsmexico.com\/sitio\/wp-json\/wp\/v2\/tags?post=66424"}],"curies":[{"name":"wp","href":"https:\/\/api.w.org\/{rel}","templated":true}]}}