{"id":66452,"date":"2021-10-11T17:26:25","date_gmt":"2021-10-11T22:26:25","guid":{"rendered":"http:\/\/globalnewsmexico.com\/sitio\/?p=66452"},"modified":"2021-10-11T17:26:28","modified_gmt":"2021-10-11T22:26:28","slug":"en-la-esperanza-inician-jornadas-de-la-unidad-medica-movil-de-pemex","status":"publish","type":"post","link":"https:\/\/globalnewsmexico.com\/sitio\/en-la-esperanza-inician-jornadas-de-la-unidad-medica-movil-de-pemex\/","title":{"rendered":"En La Esperanza, inician jornadas de la Unidad M\u00e9dica M\u00f3vil de PEMEX"},"content":{"rendered":"\n<p>\u2022 El Ejido Guillermo Prieto ser\u00e1 visitado el mi\u00e9rcoles y jueves pr\u00f3ximo.<\/p>\n\n\n\n<p>Coatzacoalcos, Ver. \u2013 Esta ma\u00f1ana, en el Ejido La Esperanza iniciaron las jornadas de la Unidad M\u00e9dica M\u00f3vil de PEMEX en la zona rural del municipio, con la cual se brindan en forma gratuita servicios de calidad y medicamentos.<\/p>\n\n\n\n<p>Fue el Regidor Primero, Francisco Zamudio Mart\u00ednez, quien en representaci\u00f3n del Alcalde V\u00edctor Manuel Carranza Rosaldo, inaugur\u00f3 estas jornadas de salud que este d\u00eda comenz\u00f3 a las 8:00 am en la comunidad antes mencionada.<\/p>\n\n\n\n<p>En su intervenci\u00f3n, el edil realiz\u00f3 un recuento de todo lo logrado para la zona rural por la presente administraci\u00f3n, con el apoyo irrestricto de Petr\u00f3leos Mexicanos y su \u00e1rea de Responsabilidad Social.<\/p>\n\n\n\n<p>El Tesorero, Mario Humberto Pintos Guill\u00e9n, reconoci\u00f3 la importancia de la colaboraci\u00f3n brindada por PEMEX. \u201cEsta, es la quinta vez que acude a toda la zona rural, adem\u00e1s de que nos ha apoyado con pavimentaci\u00f3n y alumbrado\u201d, extern\u00f3.<\/p>\n\n\n\n<p>Marisol Hern\u00e1ndez Arellano, enlace municipal con la paraestatal, inform\u00f3 que tambi\u00e9n se recorrer\u00e1n los ejidos Guillermo Prieto, Colorado, Villa Allende y las congregaciones de Mundo Nuevo y Las Barrillas. Los horarios de atenci\u00f3n ser\u00e1n de 8:30 am a 16:00 pm.<\/p>\n\n\n\n<p>El personal encargado de la Unidad M\u00e9dica M\u00f3vil, ofrece consultas de medicina familiar y de atenci\u00f3n a la mujer; pruebas de colesterol, glucosa, triglic\u00e9ridos, electrocardiogramas y ultrasonidos para embarazadas.<\/p>\n\n\n\n<p>Asimismo, consultas odontolog\u00eda, curaciones, limpieza dental, rayos X y extracci\u00f3n de piezas dentales, colocaci\u00f3n de resinas, as\u00ed como consultas de nutrici\u00f3n y control de peso.<\/p>\n\n\n\n<p>Dentro de estas jornadas, la Direcci\u00f3n de Salud P\u00fablica Municipal hace pruebas de Hepatitis C, de VIH\/SIDA, citas para vasectom\u00eda y de implante, entrega de vitaminas y minerales a adultos y ni\u00f1os. Igualmente, platicas de concientizaci\u00f3n de c\u00e1ncer de mama y de limpieza dental, aplicaci\u00f3n de fl\u00faor, adem\u00e1s de anotaciones para mastograf\u00eda.<\/p>\n\n\n\n<p>Aunado a ello, el Instituto Municipal de la Mujer otorgar\u00e1 asesor\u00edas jur\u00eddicas, psicolog\u00edas y charlas de concientizaci\u00f3n contra violencia, de no discriminaci\u00f3n y equidad de g\u00e9nero.<\/p>\n\n\n\n<p>Personal del \u00e1rea de Proximidad Social de la Polic\u00eda Municipal, da a conocer los servicios que ofrecen en materia de asesor\u00eda psicol\u00f3gica y jur\u00eddica, para que en caso de ser violentadas pueden llamar o acudir a sus instalaciones.<\/p>\n\n\n\n<p>FECHAS Y COMUNIDADES QUE SE VISITAR\u00c1N<\/p>\n\n\n\n<p>13 y 14 de octubre<br>\u2022 Guillermo Prieto<\/p>\n\n\n\n<p>15 y 18 de octubre<br>\u2022 Colorado<\/p>\n\n\n\n<p>19 y 20 de octubre<br>\u2022 Villa Allende<\/p>\n\n\n\n<p>21 y 22 de octubre<br>\u2022 Congregaci\u00f3n de Mundo Nuevo<\/p>\n\n\n\n<p>25 y 26 de octubre<br>\u2022 Congregaci\u00f3n de Las Barrillas<\/p>\n\n\n\n<p>Fuente: Redacci\u00f3n <\/p>\n\n\n\n<p><\/p>\n","protected":false},"excerpt":{"rendered":"<p>\u2022 El Ejido Guillermo Prieto ser\u00e1 visitado el mi\u00e9rcoles y jueves pr\u00f3ximo. Coatzacoalcos, Ver. \u2013 Esta ma\u00f1ana, en el Ejido La Esperanza iniciaron las jornadas de la Unidad M\u00e9dica M\u00f3vil de PEMEX en la zona rural del municipio, con la cual se brindan en forma gratuita servicios de calidad y medicamentos. Fue el Regidor Primero,<a class=\"read-more\" href=\"https:\/\/globalnewsmexico.com\/sitio\/en-la-esperanza-inician-jornadas-de-la-unidad-medica-movil-de-pemex\/\">Leer m\u00e1s<\/a><\/p>\n","protected":false},"author":5,"featured_media":66453,"comment_status":"closed","ping_status":"open","sticky":false,"template":"","format":"standard","meta":{"spay_email":"","footnotes":""},"categories":[37,8,50,52],"tags":[],"jetpack_featured_media_url":"https:\/\/i2.wp.com\/globalnewsmexico.com\/sitio\/wp-content\/uploads\/2021\/10\/11-de-octubre-2.jpg?fit=1040%2C693&ssl=1","jetpack_sharing_enabled":true,"jetpack_shortlink":"https:\/\/wp.me\/p9yqPL-hhO","jetpack_likes_enabled":true,"_links":{"self":[{"href":"https:\/\/globalnewsmexico.com\/sitio\/wp-json\/wp\/v2\/posts\/66452"}],"collection":[{"href":"https:\/\/globalnewsmexico.com\/sitio\/wp-json\/wp\/v2\/posts"}],"about":[{"href":"https:\/\/globalnewsmexico.com\/sitio\/wp-json\/wp\/v2\/types\/post"}],"author":[{"embeddable":true,"href":"https:\/\/globalnewsmexico.com\/sitio\/wp-json\/wp\/v2\/users\/5"}],"replies":[{"embeddable":true,"href":"https:\/\/globalnewsmexico.com\/sitio\/wp-json\/wp\/v2\/comments?post=66452"}],"version-history":[{"count":0,"href":"https:\/\/globalnewsmexico.com\/sitio\/wp-json\/wp\/v2\/posts\/66452\/revisions"}],"wp:featuredmedia":[{"embeddable":true,"href":"https:\/\/globalnewsmexico.com\/sitio\/wp-json\/wp\/v2\/media\/66453"}],"wp:attachment":[{"href":"https:\/\/globalnewsmexico.com\/sitio\/wp-json\/wp\/v2\/media?parent=66452"}],"wp:term":[{"taxonomy":"category","embeddable":true,"href":"https:\/\/globalnewsmexico.com\/sitio\/wp-json\/wp\/v2\/categories?post=66452"},{"taxonomy":"post_tag","embeddable":true,"href":"https:\/\/globalnewsmexico.com\/sitio\/wp-json\/wp\/v2\/tags?post=66452"}],"curies":[{"name":"wp","href":"https:\/\/api.w.org\/{rel}","templated":true}]}}