{"id":66513,"date":"2021-10-17T12:45:14","date_gmt":"2021-10-17T17:45:14","guid":{"rendered":"http:\/\/globalnewsmexico.com\/sitio\/?p=66513"},"modified":"2021-10-17T12:45:17","modified_gmt":"2021-10-17T17:45:17","slug":"en-coatepec-se-compromete-sergio-gutierrez-luna-a-impulsar-a-la-industria-cafetalera","status":"publish","type":"post","link":"https:\/\/globalnewsmexico.com\/sitio\/en-coatepec-se-compromete-sergio-gutierrez-luna-a-impulsar-a-la-industria-cafetalera\/","title":{"rendered":"En Coatepec, se compromete Sergio Guti\u00e9rrez Luna a impulsar a la industria cafetalera"},"content":{"rendered":"\n<p>Coatepec, Ver.,&nbsp; 16 de octubre de 2021.- El presidente de la Mesa Directiva de la C\u00e1mara de Diputados, Sergio Guti\u00e9rrez Luna, se comprometi\u00f3 con la industria cafetalera de Veracruz a respaldar sus demandas de m\u00e1s promoci\u00f3n, mejoras regulatorias y una mayor difusi\u00f3n tur\u00edstica a la regi\u00f3n.<\/p>\n\n\n\n<p>De visita en Coatepec, en el coraz\u00f3n de una de las m\u00e1s importantes regiones cafetaleras del Estado, el legislador veracruzano se reuni\u00f3 con sectores productivos para recoger sus inquietudes y buscar juntos soluciones a sus desaf\u00edos.<\/p>\n\n\n\n<p>\u00abVengo a mi tierra, Veracruz, a escuchar a la gente, a establecer acuerdos y a poner manos a la obra juntos\u00bb, dijo el oriundo de Minatitl\u00e1n.<\/p>\n\n\n\n<p>El encuentro de m\u00e1s de 100 personas reuni\u00f3 a l\u00edderes empresariales y de sindicatos; productores agr\u00edcolas, empresarios tur\u00edsticos y representantes de organizaciones sociales, as\u00ed como medios de comunicaci\u00f3n.<\/p>\n\n\n\n<p>Cafetaleros le solicitaron intervenir ante la Procuradur\u00eda Federal del Consumidor para que se realicen pruebas t\u00e9cnicas al caf\u00e9 soluble comercializado en el pa\u00eds y lograr una regulaci\u00f3n m\u00e1s estricta del etiquetado de dicho producto, que proclama ser 100 por ciento caf\u00e9, ante la suspicacia de los productores que sospechan de una composici\u00f3n menos pura y, por lo tanto, una competencia desleal. Ante dicha petici\u00f3n, el Diputado anunci\u00f3 asumir el asunto como prioridad.<\/p>\n\n\n\n<p>Sergio Guti\u00e9rrez accedi\u00f3 tambi\u00e9n a interceder ante el Secretario de Turismo, Miguel Torruco Marqu\u00e9s, para relanzar la promoci\u00f3n de Coatepec y sus alrededores; y asociar las dos principales vocaciones de esta regi\u00f3n: caf\u00e9 y turismo.<\/p>\n\n\n\n<p>El Diputado Federal estuvo acompa\u00f1ado de la Diputada Local Jessica Ram\u00edrez Cisneros.<\/p>\n\n\n\n<p>Fuente: Redacci\u00f3n<\/p>\n\n\n\n<p><\/p>\n","protected":false},"excerpt":{"rendered":"<p>Coatepec, Ver.,&nbsp; 16 de octubre de 2021.- El presidente de la Mesa Directiva de la C\u00e1mara de Diputados, Sergio Guti\u00e9rrez Luna, se comprometi\u00f3 con la industria cafetalera de Veracruz a respaldar sus demandas de m\u00e1s promoci\u00f3n, mejoras regulatorias y una mayor difusi\u00f3n tur\u00edstica a la regi\u00f3n. De visita en Coatepec, en el coraz\u00f3n de una<a class=\"read-more\" href=\"https:\/\/globalnewsmexico.com\/sitio\/en-coatepec-se-compromete-sergio-gutierrez-luna-a-impulsar-a-la-industria-cafetalera\/\">Leer m\u00e1s<\/a><\/p>\n","protected":false},"author":5,"featured_media":66514,"comment_status":"closed","ping_status":"open","sticky":false,"template":"","format":"standard","meta":{"spay_email":"","footnotes":""},"categories":[37,8,50,52],"tags":[],"jetpack_featured_media_url":"https:\/\/i1.wp.com\/globalnewsmexico.com\/sitio\/wp-content\/uploads\/2021\/10\/17-de-octubre-1.jpg?fit=1040%2C780&ssl=1","jetpack_sharing_enabled":true,"jetpack_shortlink":"https:\/\/wp.me\/p9yqPL-hiN","jetpack_likes_enabled":true,"_links":{"self":[{"href":"https:\/\/globalnewsmexico.com\/sitio\/wp-json\/wp\/v2\/posts\/66513"}],"collection":[{"href":"https:\/\/globalnewsmexico.com\/sitio\/wp-json\/wp\/v2\/posts"}],"about":[{"href":"https:\/\/globalnewsmexico.com\/sitio\/wp-json\/wp\/v2\/types\/post"}],"author":[{"embeddable":true,"href":"https:\/\/globalnewsmexico.com\/sitio\/wp-json\/wp\/v2\/users\/5"}],"replies":[{"embeddable":true,"href":"https:\/\/globalnewsmexico.com\/sitio\/wp-json\/wp\/v2\/comments?post=66513"}],"version-history":[{"count":0,"href":"https:\/\/globalnewsmexico.com\/sitio\/wp-json\/wp\/v2\/posts\/66513\/revisions"}],"wp:featuredmedia":[{"embeddable":true,"href":"https:\/\/globalnewsmexico.com\/sitio\/wp-json\/wp\/v2\/media\/66514"}],"wp:attachment":[{"href":"https:\/\/globalnewsmexico.com\/sitio\/wp-json\/wp\/v2\/media?parent=66513"}],"wp:term":[{"taxonomy":"category","embeddable":true,"href":"https:\/\/globalnewsmexico.com\/sitio\/wp-json\/wp\/v2\/categories?post=66513"},{"taxonomy":"post_tag","embeddable":true,"href":"https:\/\/globalnewsmexico.com\/sitio\/wp-json\/wp\/v2\/tags?post=66513"}],"curies":[{"name":"wp","href":"https:\/\/api.w.org\/{rel}","templated":true}]}}