{"id":66527,"date":"2021-10-18T18:24:05","date_gmt":"2021-10-18T23:24:05","guid":{"rendered":"http:\/\/globalnewsmexico.com\/sitio\/?p=66527"},"modified":"2021-10-18T18:24:07","modified_gmt":"2021-10-18T23:24:07","slug":"colaboran-congreso-y-gobierno-estatal-en-materia-medioambiental","status":"publish","type":"post","link":"https:\/\/globalnewsmexico.com\/sitio\/colaboran-congreso-y-gobierno-estatal-en-materia-medioambiental\/","title":{"rendered":"Colaboran Congreso y gobierno estatal en materia medioambiental"},"content":{"rendered":"\n<p>\u2022 Recibe la diputada Margarita Corro el Primer Avance del Plan Estatal de Residuos S\u00f3lidos Urbanos y de Manejo Especial.<\/p>\n\n\n\n<p>La presidenta de la Comisi\u00f3n Permanente de Medio Ambiente, Recursos Naturales y Cambio Clim\u00e1tico de la LXV Legislatura, diputada Margarita Corro Mendoza, recibi\u00f3 de la Secretar\u00eda de Medio Ambiente (Sedema) del Gobierno del Estado de Veracruz y de la Procuradur\u00eda Estatal de Protecci\u00f3n al Medio Ambiente (PMA) el Primer Avance del Plan Estatal de Residuos S\u00f3lidos Urbanos y de Manejo Especial 2018-2021.<\/p>\n\n\n\n<p>Durante el acto protocolario de entrega del documento, celebrado en el auditorio Sebasti\u00e1n Lerdo de Tejada del Palacio Legislativo, la Diputada dijo que este Plan ser\u00e1 la herramienta que permitir\u00e1 a las autoridades municipales implementar un manejo integral de los residuos s\u00f3lidos urbanos y de manejo especial.<\/p>\n\n\n\n<p>Corro Mendoza refiri\u00f3 que, mediante un exhorto, solicit\u00f3 al \u00d3rgano de Fiscalizaci\u00f3n Superior (Orfis) una investigaci\u00f3n sobre el cabal cumplimiento del marco normativo para el manejo de la basura en los municipios, de los cuales s\u00f3lo 175 ayuntamientos enviaron su informaci\u00f3n y 47 fueron omisos.<\/p>\n\n\n\n<p>Asegur\u00f3 a los titulares de la Sedema y de la PMA que \u201ceste Congreso del Estado seguir\u00e1 legislando en materia medioambiental para fortalecer el derecho humano de vivir en un medio ambiente sano y difundir\u00e1 entre los 212 municipios veracruzanos los planes y normas que contribuyan a ese fin\u201d.<\/p>\n\n\n\n<p>Tambi\u00e9n en el uso de la palabra, el titular de la Sedema, Juan Carlos Contreras Bautista, record\u00f3 que, al inicio de la actual administraci\u00f3n estatal, Veracruz no contaba con la capacidad t\u00e9cnica para la adecuada disposici\u00f3n final de los residuos s\u00f3lidos, muchos de los cuales eran vertidos a manglares, lagunas, barrancas y cuevas.<\/p>\n\n\n\n<p>El Secretario de Medio Ambiente habl\u00f3 tambi\u00e9n del reto que la entidad enfrenta con la generaci\u00f3n diaria de ocho mil toneladas de basura y del trabajo conjunto entre la Sedema y la PMA que ha derivado en el aumento de dicha capacidad y una disposici\u00f3n de los residuos m\u00e1s ordenada.<\/p>\n\n\n\n<p>A su vez, el procurador de Medio Ambiente del estado, Sergio Rodr\u00edguez Cort\u00e9s, dijo que este Plan Estatal es una pol\u00edtica p\u00fablica implementada desde el Poder Ejecutivo y que encuentra en el Poder Legislativo, como ente de representaci\u00f3n social, el mecanismo adecuado para su difusi\u00f3n.<\/p>\n\n\n\n<p>El titular de la PMA hizo menci\u00f3n de la participaci\u00f3n del titular de la Secretar\u00eda de Finanzas y Planeaci\u00f3n (Sefiplan), Jos\u00e9 Luis Lima Franco, quien ha implementado las acciones necesarias a fin de que el estado cuente con los recursos necesarios para la concreci\u00f3n de los objetivos propuestos en el Plan Estatal.<\/p>\n\n\n\n<p>El contenido del documento entregado est\u00e1 compuesto por los siguientes apartados: Problem\u00e1tica ambiental, Plan de gesti\u00f3n estatal de residuos s\u00f3lidos urbanos y de manejo especial, Metodolog\u00eda para el Plan de Gesti\u00f3n Estatal, Transversalidad del Plan de Gesti\u00f3n Estatal, Implementaci\u00f3n del Plan de Gesti\u00f3n Estatal por parte de la PMA, Declaratoria de sitios contaminados, Convenios de coordinaci\u00f3n, Fondo de remediaci\u00f3n, Sitios controlados, Rellenos sanitarios operando adecuadamente y Programa de obra p\u00fablica ambiental 2022.<\/p>\n\n\n\n<p>Estuvieron presentes tambi\u00e9n las diputadas Adriana Esther Mart\u00ednez S\u00e1nchez y Ana Miriam Ferr\u00e1ez Centeno; los legisladores Antonio Garc\u00eda Reyes, vocal de la comisi\u00f3n legislativa mencionada, Magdaleno Rosales Torres y Raymundo Andrade Rivera; los diputados electos Arturo Santiago Mart\u00ednez, Rafael Fararoni Maga\u00f1a, Genaro Ib\u00e1\u00f1ez Mart\u00ednez y Bonifacio Castillo Cruz, y la directora general de Control de la Contaminaci\u00f3n y Evaluaci\u00f3n Ambiental de la Sedema, Norma X\u00f3chitl Hern\u00e1ndez Col\u00edn.<\/p>\n\n\n\n<p>Fuente: Redacci\u00f3n <\/p>\n\n\n\n<p><\/p>\n","protected":false},"excerpt":{"rendered":"<p>\u2022 Recibe la diputada Margarita Corro el Primer Avance del Plan Estatal de Residuos S\u00f3lidos Urbanos y de Manejo Especial. La presidenta de la Comisi\u00f3n Permanente de Medio Ambiente, Recursos Naturales y Cambio Clim\u00e1tico de la LXV Legislatura, diputada Margarita Corro Mendoza, recibi\u00f3 de la Secretar\u00eda de Medio Ambiente (Sedema) del Gobierno del Estado de<a class=\"read-more\" href=\"https:\/\/globalnewsmexico.com\/sitio\/colaboran-congreso-y-gobierno-estatal-en-materia-medioambiental\/\">Leer m\u00e1s<\/a><\/p>\n","protected":false},"author":5,"featured_media":66528,"comment_status":"closed","ping_status":"open","sticky":false,"template":"","format":"standard","meta":{"spay_email":"","footnotes":""},"categories":[37,8,42,52],"tags":[],"jetpack_featured_media_url":"https:\/\/i2.wp.com\/globalnewsmexico.com\/sitio\/wp-content\/uploads\/2021\/10\/18-de-octubre-6.jpg?fit=1024%2C682&ssl=1","jetpack_sharing_enabled":true,"jetpack_shortlink":"https:\/\/wp.me\/p9yqPL-hj1","jetpack_likes_enabled":true,"_links":{"self":[{"href":"https:\/\/globalnewsmexico.com\/sitio\/wp-json\/wp\/v2\/posts\/66527"}],"collection":[{"href":"https:\/\/globalnewsmexico.com\/sitio\/wp-json\/wp\/v2\/posts"}],"about":[{"href":"https:\/\/globalnewsmexico.com\/sitio\/wp-json\/wp\/v2\/types\/post"}],"author":[{"embeddable":true,"href":"https:\/\/globalnewsmexico.com\/sitio\/wp-json\/wp\/v2\/users\/5"}],"replies":[{"embeddable":true,"href":"https:\/\/globalnewsmexico.com\/sitio\/wp-json\/wp\/v2\/comments?post=66527"}],"version-history":[{"count":0,"href":"https:\/\/globalnewsmexico.com\/sitio\/wp-json\/wp\/v2\/posts\/66527\/revisions"}],"wp:featuredmedia":[{"embeddable":true,"href":"https:\/\/globalnewsmexico.com\/sitio\/wp-json\/wp\/v2\/media\/66528"}],"wp:attachment":[{"href":"https:\/\/globalnewsmexico.com\/sitio\/wp-json\/wp\/v2\/media?parent=66527"}],"wp:term":[{"taxonomy":"category","embeddable":true,"href":"https:\/\/globalnewsmexico.com\/sitio\/wp-json\/wp\/v2\/categories?post=66527"},{"taxonomy":"post_tag","embeddable":true,"href":"https:\/\/globalnewsmexico.com\/sitio\/wp-json\/wp\/v2\/tags?post=66527"}],"curies":[{"name":"wp","href":"https:\/\/api.w.org\/{rel}","templated":true}]}}