{"id":66591,"date":"2021-10-24T13:54:25","date_gmt":"2021-10-24T18:54:25","guid":{"rendered":"http:\/\/globalnewsmexico.com\/sitio\/?p=66591"},"modified":"2021-10-24T13:54:28","modified_gmt":"2021-10-24T18:54:28","slug":"en-ratificacion-de-gomez-cazarin-como-diputado-plurinominal-todo-conforme-a-la-ley","status":"publish","type":"post","link":"https:\/\/globalnewsmexico.com\/sitio\/en-ratificacion-de-gomez-cazarin-como-diputado-plurinominal-todo-conforme-a-la-ley\/","title":{"rendered":"En ratificaci\u00f3n de G\u00f3mez Cazar\u00edn como diputado Plurinominal, todo conforme a la Ley"},"content":{"rendered":"\n<p>Xalapa, Ver., 23 de octubre de 2021.- Por considerar que se cumpli\u00f3 con los principios democr\u00e1ticos y de paridad de g\u00e9nero, las magistradas y el magistrado, integrantes del Tribunal Electoral de Veracruz (TEV) ratificaron a Juan Javier G\u00f3mez Cazar\u00edn como diputado Plurinominal para la LXVI Legislatura del Congreso del Estado de Veracruz.<\/p>\n\n\n\n<p>Al dictar sentencia respecto a las impugnaciones presentadas por diferentes partidos pol\u00edticos, sobre el expediente TEV-JDC-527\/2021 y acumulados, el TEV confirm\u00f3 el Acuerdo OPLEV\/CG338\/2021, con el cual el OPLE distribuy\u00f3 las 20 diputaciones Plurinominales que integrar\u00e1n la pr\u00f3xima Legislatura del Congreso Local.<\/p>\n\n\n\n<p>De esta manera qued\u00f3 ratificado G\u00f3mez Cazar\u00edn, uno de los hombres con m\u00e1s fuerza pol\u00edtica del Movimiento Regeneraci\u00f3n Nacional (Morena), y por su liderazgo al frente de la Junta de la Coordinaci\u00f3n Pol\u00edtica (JUCOPO) en la LXV Legislatura que est\u00e1 por concluir, en el cual destac\u00f3 por su trabajo y demostr\u00f3 que los pol\u00edticos est\u00e1n cercanos a la gente.<\/p>\n\n\n\n<p>Juan Javier G\u00f3mez Cazar\u00edn se convirti\u00f3 en pieza clave en la pol\u00edtica veracruzana, su liderazgo qued\u00f3 demostrado en la contienda electoral pasada, donde Morena arras\u00f3 una vez m\u00e1s en cargos de elecci\u00f3n popular, por lo que todo vislumbra en el segundo periodo que estar\u00e1 en la Legislatura,vendr\u00e1 con m\u00e1s fuerza pol\u00edtica este joven veracruzano.<\/p>\n\n\n\n<p>Fuente: Redacci\u00f3n <\/p>\n\n\n\n<p><\/p>\n","protected":false},"excerpt":{"rendered":"<p>Xalapa, Ver., 23 de octubre de 2021.- Por considerar que se cumpli\u00f3 con los principios democr\u00e1ticos y de paridad de g\u00e9nero, las magistradas y el magistrado, integrantes del Tribunal Electoral de Veracruz (TEV) ratificaron a Juan Javier G\u00f3mez Cazar\u00edn como diputado Plurinominal para la LXVI Legislatura del Congreso del Estado de Veracruz. Al dictar sentencia<a class=\"read-more\" href=\"https:\/\/globalnewsmexico.com\/sitio\/en-ratificacion-de-gomez-cazarin-como-diputado-plurinominal-todo-conforme-a-la-ley\/\">Leer m\u00e1s<\/a><\/p>\n","protected":false},"author":5,"featured_media":66592,"comment_status":"closed","ping_status":"open","sticky":false,"template":"","format":"standard","meta":{"spay_email":"","footnotes":""},"categories":[37,8,42,52],"tags":[],"jetpack_featured_media_url":"https:\/\/i0.wp.com\/globalnewsmexico.com\/sitio\/wp-content\/uploads\/2021\/10\/24-de-octubre-1.jpg?fit=1024%2C682&ssl=1","jetpack_sharing_enabled":true,"jetpack_shortlink":"https:\/\/wp.me\/p9yqPL-hk3","jetpack_likes_enabled":true,"_links":{"self":[{"href":"https:\/\/globalnewsmexico.com\/sitio\/wp-json\/wp\/v2\/posts\/66591"}],"collection":[{"href":"https:\/\/globalnewsmexico.com\/sitio\/wp-json\/wp\/v2\/posts"}],"about":[{"href":"https:\/\/globalnewsmexico.com\/sitio\/wp-json\/wp\/v2\/types\/post"}],"author":[{"embeddable":true,"href":"https:\/\/globalnewsmexico.com\/sitio\/wp-json\/wp\/v2\/users\/5"}],"replies":[{"embeddable":true,"href":"https:\/\/globalnewsmexico.com\/sitio\/wp-json\/wp\/v2\/comments?post=66591"}],"version-history":[{"count":0,"href":"https:\/\/globalnewsmexico.com\/sitio\/wp-json\/wp\/v2\/posts\/66591\/revisions"}],"wp:featuredmedia":[{"embeddable":true,"href":"https:\/\/globalnewsmexico.com\/sitio\/wp-json\/wp\/v2\/media\/66592"}],"wp:attachment":[{"href":"https:\/\/globalnewsmexico.com\/sitio\/wp-json\/wp\/v2\/media?parent=66591"}],"wp:term":[{"taxonomy":"category","embeddable":true,"href":"https:\/\/globalnewsmexico.com\/sitio\/wp-json\/wp\/v2\/categories?post=66591"},{"taxonomy":"post_tag","embeddable":true,"href":"https:\/\/globalnewsmexico.com\/sitio\/wp-json\/wp\/v2\/tags?post=66591"}],"curies":[{"name":"wp","href":"https:\/\/api.w.org\/{rel}","templated":true}]}}