{"id":66599,"date":"2021-10-24T14:28:14","date_gmt":"2021-10-24T19:28:14","guid":{"rendered":"http:\/\/globalnewsmexico.com\/sitio\/?p=66599"},"modified":"2021-10-24T14:28:17","modified_gmt":"2021-10-24T19:28:17","slug":"gran-muestra-de-talento-en-segundo-dia-del-festival-desde-mis-origenes","status":"publish","type":"post","link":"https:\/\/globalnewsmexico.com\/sitio\/gran-muestra-de-talento-en-segundo-dia-del-festival-desde-mis-origenes\/","title":{"rendered":"Gran muestra de talento en segundo d\u00eda del Festival \u201cDesde Mis Or\u00edgenes\u201d"},"content":{"rendered":"\n<p>Coatzacoalcos, Ver. \u2013 Durante el segundo d\u00eda del Festival \u201cDesde Mis Or\u00edgenes, Arte e Identidad\u201d, grandes exponentes de la cultura y las artes hicieron muestra de su talento a trav\u00e9s de los canales oficiales del Ayuntamiento.<\/p>\n\n\n\n<p>Las actividades iniciaron a las 10:00 horas, con t\u00edteres de la compa\u00f1\u00eda de teatro \u201cLa Ensalada\u201d, para a los reyes del hogar con un espect\u00e1culo divertido y did\u00e1ctico.<\/p>\n\n\n\n<p>Posteriormente, a las 10:30 horas se efect\u00fao el recital de canto, flauta, piano y ensamble de cuerdas por parte de los alumnos de la Escuela de Iniciaci\u00f3n Musical de Coatzacoalcos (EIMCO), dirigido por el Mtro. Alberto Arellano Pino, los cuales mostraron a los presentes su mejor repertorio musical.<\/p>\n\n\n\n<p>A las 16:00 horas se llev\u00f3 a cabo la tarde de son, danz\u00f3n y tradici\u00f3n con la espectacular presentaci\u00f3n de la Orquesta Municipal de M\u00fasica Popular.<\/p>\n\n\n\n<p>Fue alrededor de las 16:20 horas cuando se present\u00f3 la Maestra de Zapateado y Son Jarocho, Rub\u00ed Oseguera y el grupo Tnk12, que llenaron de magia la noche de s\u00e1bado con el espect\u00e1culo \u201cSurada\u201d.<\/p>\n\n\n\n<p>El baile tradicional se hizo presente en esta ocasi\u00f3n con el encuentro de grupos de danza de Coatzacoalcos y la regi\u00f3n, que le pusieron sabor y ritmo al festival.<\/p>\n\n\n\n<p>Posteriormente, a las 18:10 horas lleg\u00f3 el turno de diferentes grupos musicales de este municipio, quienes demostraron todo su talento a trav\u00e9s de sus caracter\u00edsticos temas.<\/p>\n\n\n\n<p>Finalmente, fue el grupo \u201cLos Tianguis\u201d que cerr\u00f3 con sus canciones esta segunda noche del Festival \u201cDesde Mis Or\u00edgenes, Arte e Identidad\u201d.<\/p>\n\n\n\n<p>Ser\u00e1 ma\u00f1ana, a partir de las 10:00 horas, cuando inicien las actividades del tercer y \u00faltimo d\u00eda de este festival, que se transmite en las p\u00e1ginas oficiales del Gobierno Municipal.<\/p>\n\n\n\n<p>Fuente: Redacci\u00f3n<\/p>\n\n\n\n<p><\/p>\n","protected":false},"excerpt":{"rendered":"<p>Coatzacoalcos, Ver. \u2013 Durante el segundo d\u00eda del Festival \u201cDesde Mis Or\u00edgenes, Arte e Identidad\u201d, grandes exponentes de la cultura y las artes hicieron muestra de su talento a trav\u00e9s de los canales oficiales del Ayuntamiento. Las actividades iniciaron a las 10:00 horas, con t\u00edteres de la compa\u00f1\u00eda de teatro \u201cLa Ensalada\u201d, para a los<a class=\"read-more\" href=\"https:\/\/globalnewsmexico.com\/sitio\/gran-muestra-de-talento-en-segundo-dia-del-festival-desde-mis-origenes\/\">Leer m\u00e1s<\/a><\/p>\n","protected":false},"author":5,"featured_media":66600,"comment_status":"closed","ping_status":"open","sticky":false,"template":"","format":"standard","meta":{"spay_email":"","footnotes":""},"categories":[37,8,50,52],"tags":[],"jetpack_featured_media_url":"https:\/\/i0.wp.com\/globalnewsmexico.com\/sitio\/wp-content\/uploads\/2021\/10\/24-de-octubre-5.jpg?fit=1040%2C693&ssl=1","jetpack_sharing_enabled":true,"jetpack_shortlink":"https:\/\/wp.me\/p9yqPL-hkb","jetpack_likes_enabled":true,"_links":{"self":[{"href":"https:\/\/globalnewsmexico.com\/sitio\/wp-json\/wp\/v2\/posts\/66599"}],"collection":[{"href":"https:\/\/globalnewsmexico.com\/sitio\/wp-json\/wp\/v2\/posts"}],"about":[{"href":"https:\/\/globalnewsmexico.com\/sitio\/wp-json\/wp\/v2\/types\/post"}],"author":[{"embeddable":true,"href":"https:\/\/globalnewsmexico.com\/sitio\/wp-json\/wp\/v2\/users\/5"}],"replies":[{"embeddable":true,"href":"https:\/\/globalnewsmexico.com\/sitio\/wp-json\/wp\/v2\/comments?post=66599"}],"version-history":[{"count":0,"href":"https:\/\/globalnewsmexico.com\/sitio\/wp-json\/wp\/v2\/posts\/66599\/revisions"}],"wp:featuredmedia":[{"embeddable":true,"href":"https:\/\/globalnewsmexico.com\/sitio\/wp-json\/wp\/v2\/media\/66600"}],"wp:attachment":[{"href":"https:\/\/globalnewsmexico.com\/sitio\/wp-json\/wp\/v2\/media?parent=66599"}],"wp:term":[{"taxonomy":"category","embeddable":true,"href":"https:\/\/globalnewsmexico.com\/sitio\/wp-json\/wp\/v2\/categories?post=66599"},{"taxonomy":"post_tag","embeddable":true,"href":"https:\/\/globalnewsmexico.com\/sitio\/wp-json\/wp\/v2\/tags?post=66599"}],"curies":[{"name":"wp","href":"https:\/\/api.w.org\/{rel}","templated":true}]}}