{"id":66694,"date":"2021-11-06T21:48:56","date_gmt":"2021-11-07T03:48:56","guid":{"rendered":"http:\/\/globalnewsmexico.com\/sitio\/?p=66694"},"modified":"2021-11-06T21:48:59","modified_gmt":"2021-11-07T03:48:59","slug":"garantizan-seguridad-y-orden-en-carrera-con-causa-autismo-sin-limites","status":"publish","type":"post","link":"https:\/\/globalnewsmexico.com\/sitio\/garantizan-seguridad-y-orden-en-carrera-con-causa-autismo-sin-limites\/","title":{"rendered":"Garantizan seguridad y orden en carrera con causa \u201cAutismo sin L\u00edmites\u201d"},"content":{"rendered":"\n<p>Coatzacoalcos, Ver., Con el fin de garantizar la seguridad y el orden en la carrera \u201cAutismo sin L\u00edmites\u201d que se celebrar\u00e1 este domingo 7 de noviembre, representantes de distintas corporaciones y dependencias del Ayuntamiento, realizaron una junta de log\u00edstica en las instalaciones del Comit\u00e9 Municipal del Deporte.<\/p>\n\n\n\n<p>En dicha asamblea, se trataron puntos importantes, como la circulaci\u00f3n vial, ya que el Malec\u00f3n Costero de lado de playa, desde Av. Carranza hasta Independencia, se encontrar\u00e1 cerrado; tambi\u00e9n la ubicaci\u00f3n de los puestos de hidrataci\u00f3n, del servicio m\u00e9dico y ambulancias.<\/p>\n\n\n\n<p>De igual manera, se indic\u00f3 que previo a la competencia habr\u00e1 vigilancia polic\u00edaca y Tr\u00e1nsito del Estado coordinar\u00e1 los cierres viales.<\/p>\n\n\n\n<p>Octavio Tolentino, organizador de este evento, que iniciar\u00e1 en punto de las 8:00 horas, resalt\u00f3 que se espera una fluida participaci\u00f3n y la competencia se llevar\u00e1 a cabo bajo estrictos protocolos sanitarios.<\/p>\n\n\n\n<p>Es importante mencionar, que Pentatl\u00f3n Militarizado, Protecci\u00f3n Civil, Cruz Roja, Tr\u00e1nsito del Estado, Polic\u00eda Naval y Polic\u00eda Municipal, estar\u00e1n a cargo de la vigilancia y cuidado de los corredores en coordinaci\u00f3n con personal de la COMUDE, a cargo de Jes\u00fas L\u00f3pez Desales, tal como fue instruido por el Presidente Municipal, V\u00edctor Manuel Carranza Rosaldo.<\/p>\n\n\n\n<p>Fuente: Redacci\u00f3n<\/p>\n\n\n\n<p><\/p>\n","protected":false},"excerpt":{"rendered":"<p>Coatzacoalcos, Ver., Con el fin de garantizar la seguridad y el orden en la carrera \u201cAutismo sin L\u00edmites\u201d que se celebrar\u00e1 este domingo 7 de noviembre, representantes de distintas corporaciones y dependencias del Ayuntamiento, realizaron una junta de log\u00edstica en las instalaciones del Comit\u00e9 Municipal del Deporte. En dicha asamblea, se trataron puntos importantes, como<a class=\"read-more\" href=\"https:\/\/globalnewsmexico.com\/sitio\/garantizan-seguridad-y-orden-en-carrera-con-causa-autismo-sin-limites\/\">Leer m\u00e1s<\/a><\/p>\n","protected":false},"author":5,"featured_media":66695,"comment_status":"closed","ping_status":"open","sticky":false,"template":"","format":"standard","meta":{"spay_email":"","footnotes":""},"categories":[37,8,50,52],"tags":[],"jetpack_featured_media_url":"https:\/\/i0.wp.com\/globalnewsmexico.com\/sitio\/wp-content\/uploads\/2021\/11\/6-de-noviembre.jpg?fit=1040%2C525&ssl=1","jetpack_sharing_enabled":true,"jetpack_shortlink":"https:\/\/wp.me\/p9yqPL-hlI","jetpack_likes_enabled":true,"_links":{"self":[{"href":"https:\/\/globalnewsmexico.com\/sitio\/wp-json\/wp\/v2\/posts\/66694"}],"collection":[{"href":"https:\/\/globalnewsmexico.com\/sitio\/wp-json\/wp\/v2\/posts"}],"about":[{"href":"https:\/\/globalnewsmexico.com\/sitio\/wp-json\/wp\/v2\/types\/post"}],"author":[{"embeddable":true,"href":"https:\/\/globalnewsmexico.com\/sitio\/wp-json\/wp\/v2\/users\/5"}],"replies":[{"embeddable":true,"href":"https:\/\/globalnewsmexico.com\/sitio\/wp-json\/wp\/v2\/comments?post=66694"}],"version-history":[{"count":0,"href":"https:\/\/globalnewsmexico.com\/sitio\/wp-json\/wp\/v2\/posts\/66694\/revisions"}],"wp:featuredmedia":[{"embeddable":true,"href":"https:\/\/globalnewsmexico.com\/sitio\/wp-json\/wp\/v2\/media\/66695"}],"wp:attachment":[{"href":"https:\/\/globalnewsmexico.com\/sitio\/wp-json\/wp\/v2\/media?parent=66694"}],"wp:term":[{"taxonomy":"category","embeddable":true,"href":"https:\/\/globalnewsmexico.com\/sitio\/wp-json\/wp\/v2\/categories?post=66694"},{"taxonomy":"post_tag","embeddable":true,"href":"https:\/\/globalnewsmexico.com\/sitio\/wp-json\/wp\/v2\/tags?post=66694"}],"curies":[{"name":"wp","href":"https:\/\/api.w.org\/{rel}","templated":true}]}}