{"id":66708,"date":"2021-11-08T18:33:44","date_gmt":"2021-11-09T00:33:44","guid":{"rendered":"http:\/\/globalnewsmexico.com\/sitio\/?p=66708"},"modified":"2021-11-08T18:33:47","modified_gmt":"2021-11-09T00:33:47","slug":"celebran-con-exito-primera-carrera-con-causa-autismo-sin-limites","status":"publish","type":"post","link":"https:\/\/globalnewsmexico.com\/sitio\/celebran-con-exito-primera-carrera-con-causa-autismo-sin-limites\/","title":{"rendered":"Celebran con \u00e9xito primera carrera con causa \u201cAutismo sin L\u00edmites\u201d"},"content":{"rendered":"\n<p>Coatzacoalcos, Ver. \u2013 Con el respaldo del Gobierno Municipal, que preside V\u00edctor Manuel Carranza Rosaldo, a trav\u00e9s del Comit\u00e9 Municipal del Deporte, se celebr\u00f3 con \u00e9xito la carrera de 5 kil\u00f3metros \u201cAutismo sin L\u00edmites\u201d, en donde se cont\u00f3 con la participaci\u00f3n de m\u00e1s de 300 competidores.<\/p>\n\n\n\n<p>Cabe se\u00f1alar, que esta primera carrera con causa, tuvo como salida y meta la Av. Carranza, a la altura del monumento a Miguel Hidalgo y Costilla con Malec\u00f3n Costero, y se siguieron todas las medidas sanitarias y de seguridad. Previamente, se desarroll\u00f3 una caminata de padres de familia y ni\u00f1os autistas, a lo largo de 2 kil\u00f3metros.<\/p>\n\n\n\n<p>Esto fue gracias a la colaboraci\u00f3n de Tr\u00e1nsito del Estadio, Protecci\u00f3n Civil, Cruz Roja, Secretar\u00eda de Marina, Polic\u00eda Municipal, Direcci\u00f3n de Comunicaci\u00f3n Social, Limpia P\u00fablica, \u00c1rea M\u00e9dica de COMUDE y Pentatl\u00f3n Militarizado, todos ellos coordinados por el Ayuntamiento, mediante el Comit\u00e9 Municipal del Deporte.<\/p>\n\n\n\n<p>Octavio Tolentino, coordinador general de la carrera, agradeci\u00f3 las facilidades y el apoyo brindados por el Ayuntamiento y de los distintos organismos, que hicieron de esta una competencia segura, que acat\u00f3 las normas estipuladas por las autoridades sanitarias.<\/p>\n\n\n\n<p>Se\u00f1al\u00f3 que este evento se ten\u00eda planeado para 5 de abril del 2020, para conmemorar el D\u00eda Mundial de Concienciaci\u00f3n sobre el Autismo que es el 2 de abril, pero por motivos de la pandemia se retras\u00f3 y fue que hoy se llev\u00f3 a cabo.<\/p>\n\n\n\n<p>Manifest\u00f3 que todo lo recaudado se ir\u00e1 para la Asociaci\u00f3n \u201cAutismo sin L\u00edmites\u201d, que dirige la Mtra. Mar\u00eda de Jes\u00fas Almeida.<\/p>\n\n\n\n<p>Finalmente, detall\u00f3 que los objetivos de este evento fueron promover el deporte, el autismo para que las personas conozcan lo que es y as\u00ed ir integrando a estos j\u00f3venes a la sociedad, mientras que el tercer objetivo es apoyar a dicha asociaci\u00f3n.<\/p>\n\n\n\n<p>ENTREGA DE PREMIOS<\/p>\n\n\n\n<p>Al t\u00e9rmino de la primera carrera con causa \u201cAutismo sin L\u00edmites\u201d, se hicieron entrega de los premios a los ganadores, as\u00ed como de medallas conmemorativas para los participantes.<\/p>\n\n\n\n<p>A este evento asisti\u00f3 Oliver Damas de los Santos, Regidor Sexto; Carlos R\u00edos, organizador deportivo; Adri\u00e1n Pulido Aquino, coordinador de eventos de COMUDE en representaci\u00f3n de Jes\u00fas L\u00f3pez Desales.<\/p>\n\n\n\n<p>GANADORES<\/p>\n\n\n\n<p>Femenil<\/p>\n\n\n\n<ol><li>Alina Guti\u00e9rrez (211)<\/li><li>Claudia Magallanes (204)<\/li><li>Martha Patricia (434)<\/li><\/ol>\n\n\n\n<p>Varonil<\/p>\n\n\n\n<ol><li>Francisco Quintero (383)<\/li><li>Diego Joel (209)<\/li><li>Samuel Santos (481)<\/li><\/ol>\n\n\n\n<p>Fuente: Redacci\u00f3n<\/p>\n\n\n\n<p><\/p>\n","protected":false},"excerpt":{"rendered":"<p>Coatzacoalcos, Ver. \u2013 Con el respaldo del Gobierno Municipal, que preside V\u00edctor Manuel Carranza Rosaldo, a trav\u00e9s del Comit\u00e9 Municipal del Deporte, se celebr\u00f3 con \u00e9xito la carrera de 5 kil\u00f3metros \u201cAutismo sin L\u00edmites\u201d, en donde se cont\u00f3 con la participaci\u00f3n de m\u00e1s de 300 competidores. Cabe se\u00f1alar, que esta primera carrera con causa, tuvo<a class=\"read-more\" href=\"https:\/\/globalnewsmexico.com\/sitio\/celebran-con-exito-primera-carrera-con-causa-autismo-sin-limites\/\">Leer m\u00e1s<\/a><\/p>\n","protected":false},"author":5,"featured_media":66709,"comment_status":"closed","ping_status":"open","sticky":false,"template":"","format":"standard","meta":{"spay_email":"","footnotes":""},"categories":[37,8,50,52],"tags":[],"jetpack_featured_media_url":"https:\/\/i0.wp.com\/globalnewsmexico.com\/sitio\/wp-content\/uploads\/2021\/11\/8-de-noviembre-2.jpg?fit=1040%2C693&ssl=1","jetpack_sharing_enabled":true,"jetpack_shortlink":"https:\/\/wp.me\/p9yqPL-hlW","jetpack_likes_enabled":true,"_links":{"self":[{"href":"https:\/\/globalnewsmexico.com\/sitio\/wp-json\/wp\/v2\/posts\/66708"}],"collection":[{"href":"https:\/\/globalnewsmexico.com\/sitio\/wp-json\/wp\/v2\/posts"}],"about":[{"href":"https:\/\/globalnewsmexico.com\/sitio\/wp-json\/wp\/v2\/types\/post"}],"author":[{"embeddable":true,"href":"https:\/\/globalnewsmexico.com\/sitio\/wp-json\/wp\/v2\/users\/5"}],"replies":[{"embeddable":true,"href":"https:\/\/globalnewsmexico.com\/sitio\/wp-json\/wp\/v2\/comments?post=66708"}],"version-history":[{"count":0,"href":"https:\/\/globalnewsmexico.com\/sitio\/wp-json\/wp\/v2\/posts\/66708\/revisions"}],"wp:featuredmedia":[{"embeddable":true,"href":"https:\/\/globalnewsmexico.com\/sitio\/wp-json\/wp\/v2\/media\/66709"}],"wp:attachment":[{"href":"https:\/\/globalnewsmexico.com\/sitio\/wp-json\/wp\/v2\/media?parent=66708"}],"wp:term":[{"taxonomy":"category","embeddable":true,"href":"https:\/\/globalnewsmexico.com\/sitio\/wp-json\/wp\/v2\/categories?post=66708"},{"taxonomy":"post_tag","embeddable":true,"href":"https:\/\/globalnewsmexico.com\/sitio\/wp-json\/wp\/v2\/tags?post=66708"}],"curies":[{"name":"wp","href":"https:\/\/api.w.org\/{rel}","templated":true}]}}