{"id":66739,"date":"2021-11-11T13:55:56","date_gmt":"2021-11-11T19:55:56","guid":{"rendered":"http:\/\/globalnewsmexico.com\/sitio\/?p=66739"},"modified":"2021-11-11T13:55:59","modified_gmt":"2021-11-11T19:55:59","slug":"anuncian-taller-contexto-laboral-de-las-personas-trans-en-mexico","status":"publish","type":"post","link":"https:\/\/globalnewsmexico.com\/sitio\/anuncian-taller-contexto-laboral-de-las-personas-trans-en-mexico\/","title":{"rendered":"Anuncian taller \u201cContexto Laboral de las personas Trans en M\u00e9xico\u201d"},"content":{"rendered":"\n<p>\u2022 Este se llevar\u00e1 a cabo los d\u00edas 16 y 17 de noviembre en la Sala de Cabildo del Palacio Municipal, de 11:00 a 13:00 horas.<\/p>\n\n\n\n<p>Coatzacoalcos, Ver. \u2013 Una vez m\u00e1s, dentro de las pol\u00edticas p\u00fablicas incluyentes que ha desarrollado la presente administraci\u00f3n, la comunidad Trans y LGTB en Coatzacoalcos podr\u00e1n tener un espacio para conocer sus limitantes en el campo laboral, debido a que los d\u00edas 16 y 17 de noviembre se llevar\u00e1 a cabo el taller \u201cContexto Laboral de las personas Trans en M\u00e9xico\u201d, en la Sala de Cabildo del Palacio Municipal.<\/p>\n\n\n\n<p>Durante la rueda de prensa de esta ma\u00f1ana, el Secretario del Ayuntamiento, Miguel Guillermo Pintos Guill\u00e9n, en representaci\u00f3n del Alcalde V\u00edctor Manuel Carranza Rosaldo, resalt\u00f3 que por primera vez en Coatzacoalcos, un Gobierno Municipal respalda este tipo de eventos.<\/p>\n\n\n\n<p>\u201cEsta es una gran oportunidad para desarrollarse en la vida cotidiana y enfrentar los retos de la vida diaria bien informados. Esta comunidad es valiosa y por ello, se le abren las puertas del Ayuntamiento para que se preparen y sepan defenderse y pelear por sus derechos laborales\u201d, puntualiz\u00f3 Pintos Guill\u00e9n.<\/p>\n\n\n\n<p>Sandra Collins Coronel, Directora de Programas Sociales y principal organizadora de este taller, agradeci\u00f3 el apoyo de las autoridades municipales para abrir este espacio de capacitaci\u00f3n.<\/p>\n\n\n\n<p>Por su parte, Keren Prot V\u00e1zquez, Regidora S\u00e9ptima con la Comisi\u00f3n de equidad y g\u00e9nero, dijo que este ser\u00e1 un evento sin precedentes, ya que nunca se hab\u00eda dado un curso donde se involucre a la comunidad LGTB.<\/p>\n\n\n\n<p>\u201cEs importante reforzar estos lazos para eliminar la discriminaci\u00f3n; este evento ser\u00e1 un parteaguas para dar mayor capacitaci\u00f3n sobre estos temas importantes y fundamentales para la comunidad trans\u201d, subray\u00f3.<\/p>\n\n\n\n<p>Darwin Dom\u00ednguez Lino, integrante de la Asociaci\u00f3n Civil \u201cTenemos Alas\u201d, invit\u00f3 a los integrantes de la comunidad Trans y LGTB a que asistan al Taller \u201cContexto Laboral de las personas Trans en M\u00e9xico\u201d.<\/p>\n\n\n\n<p>El primer d\u00eda, el Lic. Celso P\u00e9rez Ruiz disertar\u00e1 el tema \u201cInclusi\u00f3n Laboral, para personas trans, trabajo mitos y realidades\u201d y el segundo d\u00eda, el tema ser\u00e1 \u201cPol\u00edticas p\u00fablicas de inclusi\u00f3n social para la comunidad Trans y LGTB\u201d, por parte de Ana Karen L\u00f3pez Quintana, quien viene de Tamaulipas y es una profesional Trans.<\/p>\n\n\n\n<p>En la rueda de prensa, estuvieron presentes Alma Rosa Esparza, Regidora Segunda; Mar\u00eda de los \u00c1ngeles de la Paz Alonso, representante de la comunidad Trans de Coatzacoalcos y Alma Elena Rodr\u00edguez Alor, de la A.C. \u201cTenemos Alas\u201d. La Asociaci\u00f3n Civil nuevamente abri\u00f3 las puertas de su Centro Comunitario, para la detecci\u00f3n de VIH\/Sida.<\/p>\n\n\n\n<p>Fuente: Redacci\u00f3n<\/p>\n\n\n\n<p><\/p>\n","protected":false},"excerpt":{"rendered":"<p>\u2022 Este se llevar\u00e1 a cabo los d\u00edas 16 y 17 de noviembre en la Sala de Cabildo del Palacio Municipal, de 11:00 a 13:00 horas. Coatzacoalcos, Ver. \u2013 Una vez m\u00e1s, dentro de las pol\u00edticas p\u00fablicas incluyentes que ha desarrollado la presente administraci\u00f3n, la comunidad Trans y LGTB en Coatzacoalcos podr\u00e1n tener un espacio<a class=\"read-more\" href=\"https:\/\/globalnewsmexico.com\/sitio\/anuncian-taller-contexto-laboral-de-las-personas-trans-en-mexico\/\">Leer m\u00e1s<\/a><\/p>\n","protected":false},"author":5,"featured_media":66740,"comment_status":"closed","ping_status":"open","sticky":false,"template":"","format":"standard","meta":{"spay_email":"","footnotes":""},"categories":[37,8,50,52],"tags":[],"jetpack_featured_media_url":"https:\/\/i1.wp.com\/globalnewsmexico.com\/sitio\/wp-content\/uploads\/2021\/11\/11-de-noviembre-4.jpg?fit=1040%2C693&ssl=1","jetpack_sharing_enabled":true,"jetpack_shortlink":"https:\/\/wp.me\/p9yqPL-hmr","jetpack_likes_enabled":true,"_links":{"self":[{"href":"https:\/\/globalnewsmexico.com\/sitio\/wp-json\/wp\/v2\/posts\/66739"}],"collection":[{"href":"https:\/\/globalnewsmexico.com\/sitio\/wp-json\/wp\/v2\/posts"}],"about":[{"href":"https:\/\/globalnewsmexico.com\/sitio\/wp-json\/wp\/v2\/types\/post"}],"author":[{"embeddable":true,"href":"https:\/\/globalnewsmexico.com\/sitio\/wp-json\/wp\/v2\/users\/5"}],"replies":[{"embeddable":true,"href":"https:\/\/globalnewsmexico.com\/sitio\/wp-json\/wp\/v2\/comments?post=66739"}],"version-history":[{"count":0,"href":"https:\/\/globalnewsmexico.com\/sitio\/wp-json\/wp\/v2\/posts\/66739\/revisions"}],"wp:featuredmedia":[{"embeddable":true,"href":"https:\/\/globalnewsmexico.com\/sitio\/wp-json\/wp\/v2\/media\/66740"}],"wp:attachment":[{"href":"https:\/\/globalnewsmexico.com\/sitio\/wp-json\/wp\/v2\/media?parent=66739"}],"wp:term":[{"taxonomy":"category","embeddable":true,"href":"https:\/\/globalnewsmexico.com\/sitio\/wp-json\/wp\/v2\/categories?post=66739"},{"taxonomy":"post_tag","embeddable":true,"href":"https:\/\/globalnewsmexico.com\/sitio\/wp-json\/wp\/v2\/tags?post=66739"}],"curies":[{"name":"wp","href":"https:\/\/api.w.org\/{rel}","templated":true}]}}