{"id":66769,"date":"2021-11-15T18:34:17","date_gmt":"2021-11-16T00:34:17","guid":{"rendered":"http:\/\/globalnewsmexico.com\/sitio\/?p=66769"},"modified":"2021-11-15T18:34:20","modified_gmt":"2021-11-16T00:34:20","slug":"instalan-diputadas-la-comision-permanente-para-la-igualdad-de-genero","status":"publish","type":"post","link":"https:\/\/globalnewsmexico.com\/sitio\/instalan-diputadas-la-comision-permanente-para-la-igualdad-de-genero\/","title":{"rendered":"Instalan diputadas la Comisi\u00f3n Permanente para la Igualdad de G\u00e9nero"},"content":{"rendered":"\n<p>\u2022 Trabajan en una agenda para dar cumplimiento con la normativa y establecer las l\u00edneas de atenci\u00f3n en la materia.<\/p>\n\n\n\n<p>Este 15 de noviembre, se llev\u00f3 a cabo la firma del acta mediante la cual qued\u00f3 instalada la Comisi\u00f3n Permanente para la Igualdad de G\u00e9nero de esta LXVI Legislatura, integrada por las diputadas Maribel Ram\u00edrez Topete, Illya Dolores Escobar Mart\u00ednez y Ana Miriam Ferr\u00e1ez Centeno, presidenta, secretaria y vocal, respectivamente.<\/p>\n\n\n\n<p>Una vez concluido el acto protocolario, esta instancia inici\u00f3 los trabajos correspondientes para fomentar, impulsar e incorporar \u2013desde la ley- la igualdad entre hombres y mujeres en el estado, adem\u00e1s de generar mecanismos de perspectiva de g\u00e9nero, procurando evitar la desigualdad.<\/p>\n\n\n\n<p>Por su parte, la presidenta de la Comisi\u00f3n, diputada Maribel Ram\u00edrez Topete, indic\u00f3 que en los pr\u00f3ximos d\u00edas har\u00e1 llegar la propuesta de agenda de trabajo al resto de las integrantes, con el objetivo de cumplir y establecer las l\u00edneas de atenci\u00f3n a los diversos documentos que sean remitidos por el Pleno, a fin de darles el tr\u00e1mite correspondiente.<\/p>\n\n\n\n<p>Asimismo, detall\u00f3 que ya planean diversas reuniones de trabajo con dependencias y entidades del Poder Ejecutivo, con la Judicatura del Estado, organismos aut\u00f3nomos y municipios, para abordar los temas y la problem\u00e1tica de la igualdad de g\u00e9nero, siempre manteniendo abiertos los canales de comunicaci\u00f3n entre todos los involucrados.<\/p>\n\n\n\n<p>\u201cLa responsabilidad que hoy asumimos es un compromiso de indudable importancia para la vida humana y social de nuestro estado, por lo que debemos contribuir en la materia con nuestros mejores esfuerzos\u201d, finaliz\u00f3.<\/p>\n\n\n\n<p>A este acto asistieron como invitados especiales la jefa de Oficina de Programa de Gobierno, Waltraud Mart\u00ednez Olvera; la secretaria de Protecci\u00f3n Civil en el estado, Guadalupe Osorno Maldonado; el presidente de la Junta de Coordinaci\u00f3n Pol\u00edtica, diputado Juan Javier G\u00f3mez Cazar\u00edn, y dem\u00e1s integrantes de esta LXVI Legislatura.<\/p>\n\n\n\n<p>Fuente: Redacci\u00f3n<\/p>\n\n\n\n<p><\/p>\n","protected":false},"excerpt":{"rendered":"<p>\u2022 Trabajan en una agenda para dar cumplimiento con la normativa y establecer las l\u00edneas de atenci\u00f3n en la materia. Este 15 de noviembre, se llev\u00f3 a cabo la firma del acta mediante la cual qued\u00f3 instalada la Comisi\u00f3n Permanente para la Igualdad de G\u00e9nero de esta LXVI Legislatura, integrada por las diputadas Maribel Ram\u00edrez<a class=\"read-more\" href=\"https:\/\/globalnewsmexico.com\/sitio\/instalan-diputadas-la-comision-permanente-para-la-igualdad-de-genero\/\">Leer m\u00e1s<\/a><\/p>\n","protected":false},"author":5,"featured_media":66770,"comment_status":"closed","ping_status":"open","sticky":false,"template":"","format":"standard","meta":{"spay_email":"","footnotes":""},"categories":[37,8,42,52],"tags":[],"jetpack_featured_media_url":"https:\/\/i0.wp.com\/globalnewsmexico.com\/sitio\/wp-content\/uploads\/2021\/11\/15-de-noviembre-3.jpg?fit=1040%2C693&ssl=1","jetpack_sharing_enabled":true,"jetpack_shortlink":"https:\/\/wp.me\/p9yqPL-hmV","jetpack_likes_enabled":true,"_links":{"self":[{"href":"https:\/\/globalnewsmexico.com\/sitio\/wp-json\/wp\/v2\/posts\/66769"}],"collection":[{"href":"https:\/\/globalnewsmexico.com\/sitio\/wp-json\/wp\/v2\/posts"}],"about":[{"href":"https:\/\/globalnewsmexico.com\/sitio\/wp-json\/wp\/v2\/types\/post"}],"author":[{"embeddable":true,"href":"https:\/\/globalnewsmexico.com\/sitio\/wp-json\/wp\/v2\/users\/5"}],"replies":[{"embeddable":true,"href":"https:\/\/globalnewsmexico.com\/sitio\/wp-json\/wp\/v2\/comments?post=66769"}],"version-history":[{"count":0,"href":"https:\/\/globalnewsmexico.com\/sitio\/wp-json\/wp\/v2\/posts\/66769\/revisions"}],"wp:featuredmedia":[{"embeddable":true,"href":"https:\/\/globalnewsmexico.com\/sitio\/wp-json\/wp\/v2\/media\/66770"}],"wp:attachment":[{"href":"https:\/\/globalnewsmexico.com\/sitio\/wp-json\/wp\/v2\/media?parent=66769"}],"wp:term":[{"taxonomy":"category","embeddable":true,"href":"https:\/\/globalnewsmexico.com\/sitio\/wp-json\/wp\/v2\/categories?post=66769"},{"taxonomy":"post_tag","embeddable":true,"href":"https:\/\/globalnewsmexico.com\/sitio\/wp-json\/wp\/v2\/tags?post=66769"}],"curies":[{"name":"wp","href":"https:\/\/api.w.org\/{rel}","templated":true}]}}