{"id":66776,"date":"2021-11-16T11:14:24","date_gmt":"2021-11-16T17:14:24","guid":{"rendered":"http:\/\/globalnewsmexico.com\/sitio\/?p=66776"},"modified":"2021-11-16T11:14:27","modified_gmt":"2021-11-16T17:14:27","slug":"la-transformacion-en-veracruz-sigue-dando-resultados-para-todos-gomez-cazarin","status":"publish","type":"post","link":"https:\/\/globalnewsmexico.com\/sitio\/la-transformacion-en-veracruz-sigue-dando-resultados-para-todos-gomez-cazarin\/","title":{"rendered":"La Transformaci\u00f3n en Veracruz sigue dando resultados para todos: G\u00f3mez Cazar\u00edn"},"content":{"rendered":"\n<p>\u2022 El Presidente de la Junta de Coordinaci\u00f3n Pol\u00edtica en el Congreso local destaca el liderazgo del gobernador Cuitl\u00e1huac Garc\u00eda Jim\u00e9nez, a tres a\u00f1os de iniciar su administraci\u00f3n.<\/p>\n\n\n\n<p>Un amplio reconocimiento al gran trabajo encabezado por el gobernador del estado, ingeniero gobernador Cuitl\u00e1huac Garc\u00eda Jim\u00e9nez, hizo el presidente de la Junta de Coordinaci\u00f3n Pol\u00edtica del Congreso del Estado, diputado Juan Javier G\u00f3mez Cazar\u00edn, con motivo de la entrega del Tercer Informe de Gobierno a la LXVI Legislatura, el cual, dijo, confirma que la transformaci\u00f3n iniciada en 2018 ha dado y seguir\u00e1 dando frutos que se traducen en bienestar para todos.<\/p>\n\n\n\n<p>Este lunes, la jefa de la Oficina de Programa de Gobierno, acudi\u00f3 a la sede del Poder Legislativo para entregar, en nombre del Ejecutivo estatal, el informe que da cuenta del estado que guarda la administraci\u00f3n p\u00fablica de Veracruz. Como testigo del acto, el legislador expres\u00f3 su benepl\u00e1cito porque \u201ccontamos con un gobierno de resultados, que cumple sus compromisos, que da muestras de solidez y de confianza, que mantiene el orden y la disciplina en todos los rubros\u201d.<\/p>\n\n\n\n<p>Se expres\u00f3 tambi\u00e9n del liderazgo del gobernador Cuitl\u00e1huac Garc\u00eda Jim\u00e9nez, sin el cual \u201cno ser\u00eda posible contar con finanzas sanas, inversi\u00f3n p\u00fablica, ampliaci\u00f3n de infraestructura y servicios, vivienda, seguridad y, sobre todo, la confianza de todas y todos de que por fin cuentan con un gobierno cercano, honesto, que ha puesto primero a quienes fueron olvidados y excluidos por gobiernos insensibles y corruptos\u201d.<\/p>\n\n\n\n<p>G\u00f3mez Cazar\u00edn dijo tambi\u00e9n que en Veracruz \u201ctenemos un gobierno que est\u00e1 a la altura de los desaf\u00edos actuales y, m\u00e1s aun, no se detuvo ante la pandemia por Covid 19, sino que, con esfuerzo, sacrificio y mucho trabajo, ha revertido una situaci\u00f3n adversa in\u00e9dita que ha puesto a prueba las convicciones y el compromiso de este gobierno con el pueblo, reto del cual todos estamos saliendo avante y fortalecidos. Es para sentirse muy orgullosos\u201d.<\/p>\n\n\n\n<p>Este gobierno emanado de Morena, prosigui\u00f3 el legislador, es una muestra clara de que la transformaci\u00f3n iniciada en 2018 es una realidad para millones de veracruzanos. \u201cEl cambio verdadero empez\u00f3 abajo, con la gente. Nosotros pudimos constatarlo y lo seguimos constatando. Todos quer\u00edamos un gobierno que marchara junto a la gente, un gobierno consciente de los problemas sociales, comprometido a combatirlos. Luchamos para que este cambio se diera en Veracruz y ahora, a tres a\u00f1os de iniciado, estamos viendo los resultados\u201d, manifest\u00f3.<\/p>\n\n\n\n<p>G\u00f3mez Cazar\u00edn dijo contundente que la confianza de la gente en la Cuarta Transformaci\u00f3n qued\u00f3 confirmada en las elecciones recientes, cuando le refrendaron su confianza a Morena y sus candidatos. Lo cual \u2013se\u00f1al\u00f3- abre aun m\u00e1s el horizonte de oportunidades para todas y todos, con mayor justicia e igualdad, con respeto a los derechos humanos, con mejor calidad de vida y desarrollo en todos los \u00e1mbitos de la vida.<\/p>\n\n\n\n<p>\u201cMi m\u00e1s grande y sincero reconocimiento a nuestro gobernador, ingeniero Cuitl\u00e1huac Garc\u00eda Jim\u00e9nez, por este Tercer Informe de Gobierno y por encabezar un gobierno responsable, austero y cercano al pueblo. Me llena de orgullo ser parte de la transformaci\u00f3n que Veracruz necesitaba, desde mi responsabilidad como legislador. Enhorabuena, se\u00f1or Gobernador\u201d, finaliz\u00f3 el Diputado.<\/p>\n\n\n\n<p>Fuente: Redacci\u00f3n<\/p>\n\n\n\n<p><\/p>\n","protected":false},"excerpt":{"rendered":"<p>\u2022 El Presidente de la Junta de Coordinaci\u00f3n Pol\u00edtica en el Congreso local destaca el liderazgo del gobernador Cuitl\u00e1huac Garc\u00eda Jim\u00e9nez, a tres a\u00f1os de iniciar su administraci\u00f3n. Un amplio reconocimiento al gran trabajo encabezado por el gobernador del estado, ingeniero gobernador Cuitl\u00e1huac Garc\u00eda Jim\u00e9nez, hizo el presidente de la Junta de Coordinaci\u00f3n Pol\u00edtica del<a class=\"read-more\" href=\"https:\/\/globalnewsmexico.com\/sitio\/la-transformacion-en-veracruz-sigue-dando-resultados-para-todos-gomez-cazarin\/\">Leer m\u00e1s<\/a><\/p>\n","protected":false},"author":5,"featured_media":66777,"comment_status":"closed","ping_status":"open","sticky":false,"template":"","format":"standard","meta":{"spay_email":"","footnotes":""},"categories":[37,8,42,52],"tags":[],"jetpack_featured_media_url":"https:\/\/i1.wp.com\/globalnewsmexico.com\/sitio\/wp-content\/uploads\/2021\/11\/16-de-noviembre-1.jpg?fit=1040%2C693&ssl=1","jetpack_sharing_enabled":true,"jetpack_shortlink":"https:\/\/wp.me\/p9yqPL-hn2","jetpack_likes_enabled":true,"_links":{"self":[{"href":"https:\/\/globalnewsmexico.com\/sitio\/wp-json\/wp\/v2\/posts\/66776"}],"collection":[{"href":"https:\/\/globalnewsmexico.com\/sitio\/wp-json\/wp\/v2\/posts"}],"about":[{"href":"https:\/\/globalnewsmexico.com\/sitio\/wp-json\/wp\/v2\/types\/post"}],"author":[{"embeddable":true,"href":"https:\/\/globalnewsmexico.com\/sitio\/wp-json\/wp\/v2\/users\/5"}],"replies":[{"embeddable":true,"href":"https:\/\/globalnewsmexico.com\/sitio\/wp-json\/wp\/v2\/comments?post=66776"}],"version-history":[{"count":0,"href":"https:\/\/globalnewsmexico.com\/sitio\/wp-json\/wp\/v2\/posts\/66776\/revisions"}],"wp:featuredmedia":[{"embeddable":true,"href":"https:\/\/globalnewsmexico.com\/sitio\/wp-json\/wp\/v2\/media\/66777"}],"wp:attachment":[{"href":"https:\/\/globalnewsmexico.com\/sitio\/wp-json\/wp\/v2\/media?parent=66776"}],"wp:term":[{"taxonomy":"category","embeddable":true,"href":"https:\/\/globalnewsmexico.com\/sitio\/wp-json\/wp\/v2\/categories?post=66776"},{"taxonomy":"post_tag","embeddable":true,"href":"https:\/\/globalnewsmexico.com\/sitio\/wp-json\/wp\/v2\/tags?post=66776"}],"curies":[{"name":"wp","href":"https:\/\/api.w.org\/{rel}","templated":true}]}}