{"id":66793,"date":"2021-11-18T20:11:45","date_gmt":"2021-11-19T02:11:45","guid":{"rendered":"http:\/\/globalnewsmexico.com\/sitio\/?p=66793"},"modified":"2021-11-18T20:11:48","modified_gmt":"2021-11-19T02:11:48","slug":"este-sabado-y-domingo-evento-nacional-de-parkour-en-el-parque-central","status":"publish","type":"post","link":"https:\/\/globalnewsmexico.com\/sitio\/este-sabado-y-domingo-evento-nacional-de-parkour-en-el-parque-central\/","title":{"rendered":"Este s\u00e1bado y domingo, evento nacional de \u00abParkour\u00bb en el Parque Central"},"content":{"rendered":"\n<p>Coatzacoalcos, Ver. \u2013 Este s\u00e1bado 20 y domingo 21 de noviembre, el Parque Central \u201cMiguel Hidalgo\u201d ser\u00e1 sede del evento nacional de \u00abParkour\u00bb denominado \u201cFloskour Jam\u201d.<\/p>\n\n\n\n<p>En rueda de prensa, Jes\u00fas L\u00f3pez Desales, Titular del Comit\u00e9 Municipal del Deporte, resalt\u00f3 que este tipo de eventos impulsan la sana convivencia y generan derrama econ\u00f3mica, adem\u00e1s de ser el primero en su tipo en el municipio, por lo que el Ayuntamiento a trav\u00e9s de la COMUDE brindar\u00e1 todo su apoyo.<\/p>\n\n\n\n<p>German Rosas Ju\u00e1rez, organizador del evento, agradeci\u00f3 el respaldo del Presidente Municipal, V\u00edctor Manuel Carranza Rosaldo y asegur\u00f3 que este encuentro, viene a ser el final de un clasificatorio que realizaron de manera virtual, por la pandemia.<\/p>\n\n\n\n<p>Uno de los objetivos, es que la gente conozca esta actividad para que con el paso de los a\u00f1os aumente el n\u00famero de practicantes de la misma y haya mayor competencia y quienes lo practiquen puedan participar en eventos nacionales e incluso internacionales.<\/p>\n\n\n\n<p>Gerardo Dom\u00ednguez Figueroa, coordinador t\u00e9cnico, mencion\u00f3 que tambi\u00e9n habr\u00e1 talleres para quienes asistan si tienen inquietud de conocer el \u00abParkour\u00bb, que es una disciplina f\u00edsica basada en la capacidad motriz del individuo, traslad\u00e1ndose de un lugar a otro de forma m\u00e1s sencilla y eficiente posible.<\/p>\n\n\n\n<p>Asegur\u00f3 que con el respaldo del Gobierno Municipal y de las diversas dependencias se contar\u00e1 seguridad, protocolos y sobre todo, equipo m\u00e9dico, para cualquier eventualidad.<\/p>\n\n\n\n<p>Las competencias comenzar\u00e1n el s\u00e1bado desde las 12:00 horas, pero a partir de las 9:00 horas iniciar\u00e1n los talleres gratuitos para los interesados en dicha disciplina.<\/p>\n\n\n\n<p>Por su parte, la Mtra. Alba Malpica Caballero, Directora de Cultura, felicit\u00f3 a COMUDE y a los organizadores de este evento, ya que la instrucci\u00f3n de Alcalde V\u00edctor Carranza fue darle mayor uso posible al Parque Central \u201cMiguel Hidalgo\u201d.<\/p>\n\n\n\n<p>Manifest\u00f3 que este nuevo espacio de recreaci\u00f3n ser\u00e1 sede de un evento nacional supernovedoso, el cual vale la pena que los j\u00f3venes y la ciudadan\u00eda en general acudan al mismo.<\/p>\n\n\n\n<p>Fuente: Redacci\u00f3n<\/p>\n\n\n\n<p><\/p>\n","protected":false},"excerpt":{"rendered":"<p>Coatzacoalcos, Ver. \u2013 Este s\u00e1bado 20 y domingo 21 de noviembre, el Parque Central \u201cMiguel Hidalgo\u201d ser\u00e1 sede del evento nacional de \u00abParkour\u00bb denominado \u201cFloskour Jam\u201d. En rueda de prensa, Jes\u00fas L\u00f3pez Desales, Titular del Comit\u00e9 Municipal del Deporte, resalt\u00f3 que este tipo de eventos impulsan la sana convivencia y generan derrama econ\u00f3mica, adem\u00e1s de<a class=\"read-more\" href=\"https:\/\/globalnewsmexico.com\/sitio\/este-sabado-y-domingo-evento-nacional-de-parkour-en-el-parque-central\/\">Leer m\u00e1s<\/a><\/p>\n","protected":false},"author":5,"featured_media":66794,"comment_status":"closed","ping_status":"open","sticky":false,"template":"","format":"standard","meta":{"spay_email":"","footnotes":""},"categories":[37,8,50,52],"tags":[],"jetpack_featured_media_url":"https:\/\/i1.wp.com\/globalnewsmexico.com\/sitio\/wp-content\/uploads\/2021\/11\/18-de-noviembre-4.jpg?fit=1040%2C693&ssl=1","jetpack_sharing_enabled":true,"jetpack_shortlink":"https:\/\/wp.me\/p9yqPL-hnj","jetpack_likes_enabled":true,"_links":{"self":[{"href":"https:\/\/globalnewsmexico.com\/sitio\/wp-json\/wp\/v2\/posts\/66793"}],"collection":[{"href":"https:\/\/globalnewsmexico.com\/sitio\/wp-json\/wp\/v2\/posts"}],"about":[{"href":"https:\/\/globalnewsmexico.com\/sitio\/wp-json\/wp\/v2\/types\/post"}],"author":[{"embeddable":true,"href":"https:\/\/globalnewsmexico.com\/sitio\/wp-json\/wp\/v2\/users\/5"}],"replies":[{"embeddable":true,"href":"https:\/\/globalnewsmexico.com\/sitio\/wp-json\/wp\/v2\/comments?post=66793"}],"version-history":[{"count":0,"href":"https:\/\/globalnewsmexico.com\/sitio\/wp-json\/wp\/v2\/posts\/66793\/revisions"}],"wp:featuredmedia":[{"embeddable":true,"href":"https:\/\/globalnewsmexico.com\/sitio\/wp-json\/wp\/v2\/media\/66794"}],"wp:attachment":[{"href":"https:\/\/globalnewsmexico.com\/sitio\/wp-json\/wp\/v2\/media?parent=66793"}],"wp:term":[{"taxonomy":"category","embeddable":true,"href":"https:\/\/globalnewsmexico.com\/sitio\/wp-json\/wp\/v2\/categories?post=66793"},{"taxonomy":"post_tag","embeddable":true,"href":"https:\/\/globalnewsmexico.com\/sitio\/wp-json\/wp\/v2\/tags?post=66793"}],"curies":[{"name":"wp","href":"https:\/\/api.w.org\/{rel}","templated":true}]}}