{"id":66821,"date":"2021-11-23T18:19:23","date_gmt":"2021-11-24T00:19:23","guid":{"rendered":"http:\/\/globalnewsmexico.com\/sitio\/?p=66821"},"modified":"2021-11-23T18:19:26","modified_gmt":"2021-11-24T00:19:26","slug":"recibe-sergio-gutierrez-luna-al-secretario-de-marina-en-la-camara-de-diputados","status":"publish","type":"post","link":"https:\/\/globalnewsmexico.com\/sitio\/recibe-sergio-gutierrez-luna-al-secretario-de-marina-en-la-camara-de-diputados\/","title":{"rendered":"Recibe Sergio Guti\u00e9rrez Luna al Secretario de Marina en la C\u00e1mara de Diputados"},"content":{"rendered":"\n<p>Los dos veracruzanos firmaron un Convenio de Vinculaci\u00f3n Acad\u00e9mica.<\/p>\n\n\n\n<p>Ciudad de M\u00e9xico, a 23 de noviembre de 2021.- El presidente de la C\u00e1mara de Diputados, el veracruzano Sergio Guti\u00e9rrez Luna, recibi\u00f3 en el Palacio Legislativo de San L\u00e1zaro al secretario de Marina, el almirante Jos\u00e9 Rafael Ojeda Dur\u00e1n, con quien firm\u00f3 un convenio de colaboraci\u00f3n en materia de vinculaci\u00f3n acad\u00e9mica.<\/p>\n\n\n\n<p>Los dos veracruzanos destacaron que el Convenio permitir\u00e1 celebrar congresos, seminarios, conferencias, mesas redondas, encuentros, coloquios, simposios y talleres, as\u00ed como la difusi\u00f3n de estos eventos.<\/p>\n\n\n\n<p>El diputado minatitleco resalt\u00f3 que la Marina \u201cha demostrado a todas y todos los mexicanos su nacionalismo y lealtad, lo que la ha convertido en una de las Instituciones m\u00e1s confiables entre la ciudadan\u00eda\u201d.<\/p>\n\n\n\n<p>Por su parte, el Almirante agradeci\u00f3 a la C\u00e1mara de Diputados la atenci\u00f3n con la Secretar\u00eda de Marina-Armada de M\u00e9xico, por el inter\u00e9s de afianzar los lazos entre el \u00f3rgano legislativo y la instituci\u00f3n, siempre velando por el bienestar de las y los mexicanos.<\/p>\n\n\n\n<p>Al acto, realizado en el Sal\u00f3n Legisladores de la Rep\u00fablica del Palacio Legislativo de San L\u00e1zaro, asistieron el diputado Jaime Mart\u00ednez L\u00f3pez, presidente de la Comisi\u00f3n de Marina y el diputado Javier L\u00f3pez Casar\u00edn, presidente de la Comisi\u00f3n de Ciencia, Tecnolog\u00eda e Innovaci\u00f3n.<\/p>\n\n\n\n<p>Tambi\u00e9n el vicealmirante Guadalupe Juan Jos\u00e9 Bernal M\u00e9ndez, Rector de la Universidad Naval de la Marina; el almirante C\u00e9sar Carlos Preciado Vel\u00e1zquez, Oficial Mayor, y el Vicealmirante Raymundo Pedro Morales \u00c1ngeles, Director del Centro de Estudios Superiores Navales de la Secretar\u00eda de Marina-Armada de M\u00e9xico.<\/p>\n\n\n\n<p>Fuente: Redacci\u00f3n<\/p>\n\n\n\n<p><\/p>\n","protected":false},"excerpt":{"rendered":"<p>Los dos veracruzanos firmaron un Convenio de Vinculaci\u00f3n Acad\u00e9mica. Ciudad de M\u00e9xico, a 23 de noviembre de 2021.- El presidente de la C\u00e1mara de Diputados, el veracruzano Sergio Guti\u00e9rrez Luna, recibi\u00f3 en el Palacio Legislativo de San L\u00e1zaro al secretario de Marina, el almirante Jos\u00e9 Rafael Ojeda Dur\u00e1n, con quien firm\u00f3 un convenio de colaboraci\u00f3n<a class=\"read-more\" href=\"https:\/\/globalnewsmexico.com\/sitio\/recibe-sergio-gutierrez-luna-al-secretario-de-marina-en-la-camara-de-diputados\/\">Leer m\u00e1s<\/a><\/p>\n","protected":false},"author":5,"featured_media":66822,"comment_status":"closed","ping_status":"open","sticky":false,"template":"","format":"standard","meta":{"spay_email":"","footnotes":""},"categories":[37,8,42,52],"tags":[],"jetpack_featured_media_url":"https:\/\/i0.wp.com\/globalnewsmexico.com\/sitio\/wp-content\/uploads\/2021\/11\/23-de-noviembre-1.jpg?fit=1040%2C934&ssl=1","jetpack_sharing_enabled":true,"jetpack_shortlink":"https:\/\/wp.me\/p9yqPL-hnL","jetpack_likes_enabled":true,"_links":{"self":[{"href":"https:\/\/globalnewsmexico.com\/sitio\/wp-json\/wp\/v2\/posts\/66821"}],"collection":[{"href":"https:\/\/globalnewsmexico.com\/sitio\/wp-json\/wp\/v2\/posts"}],"about":[{"href":"https:\/\/globalnewsmexico.com\/sitio\/wp-json\/wp\/v2\/types\/post"}],"author":[{"embeddable":true,"href":"https:\/\/globalnewsmexico.com\/sitio\/wp-json\/wp\/v2\/users\/5"}],"replies":[{"embeddable":true,"href":"https:\/\/globalnewsmexico.com\/sitio\/wp-json\/wp\/v2\/comments?post=66821"}],"version-history":[{"count":0,"href":"https:\/\/globalnewsmexico.com\/sitio\/wp-json\/wp\/v2\/posts\/66821\/revisions"}],"wp:featuredmedia":[{"embeddable":true,"href":"https:\/\/globalnewsmexico.com\/sitio\/wp-json\/wp\/v2\/media\/66822"}],"wp:attachment":[{"href":"https:\/\/globalnewsmexico.com\/sitio\/wp-json\/wp\/v2\/media?parent=66821"}],"wp:term":[{"taxonomy":"category","embeddable":true,"href":"https:\/\/globalnewsmexico.com\/sitio\/wp-json\/wp\/v2\/categories?post=66821"},{"taxonomy":"post_tag","embeddable":true,"href":"https:\/\/globalnewsmexico.com\/sitio\/wp-json\/wp\/v2\/tags?post=66821"}],"curies":[{"name":"wp","href":"https:\/\/api.w.org\/{rel}","templated":true}]}}