{"id":66856,"date":"2021-11-26T13:35:40","date_gmt":"2021-11-26T19:35:40","guid":{"rendered":"http:\/\/globalnewsmexico.com\/sitio\/?p=66856"},"modified":"2021-11-26T13:35:44","modified_gmt":"2021-11-26T19:35:44","slug":"participa-alcalde-en-congreso-internacional-de-administracion-publica","status":"publish","type":"post","link":"https:\/\/globalnewsmexico.com\/sitio\/participa-alcalde-en-congreso-internacional-de-administracion-publica\/","title":{"rendered":"Participa Alcalde en Congreso Internacional de Administraci\u00f3n P\u00fablica"},"content":{"rendered":"\n<p>\u2022 Participar\u00e1 el jueves 25 en el XXVI Congreso Internacional del Centro Latinoamericano de Administraci\u00f3n para el Desarrollo (CLAD), que se realiza del 23 al 26 de noviembre.<br>\u2022 Es el \u00fanico Alcalde Veracruzano invitado a este importante foro como panelista.<\/p>\n\n\n\n<p>Coatzacoalcos, Ver. \u2013 A invitaci\u00f3n del Instituto Veracruzano de Desarrollo Municipal (INVEDEM), el Presidente Municipal de Coatzacoalcos, V\u00edctor Manuel Carranza Rosaldo, se encuentra presente en el XXVI Congrego Internacional del Centro Latinoamericano de Administraci\u00f3n para el Desarrollo, que se realiza en Bogot\u00e1, Colombia.<\/p>\n\n\n\n<p>Este congreso, se lleva a cabo desde ayer y concluir\u00e1 el pr\u00f3ximo 26 de noviembre, ser\u00e1 el jueves 25 cuando el Alcalde porte\u00f1o participe dentro del Panel \u00abMunicipios Progresistas\u00bb, con el tema \u201cSistemas de Alta Direcci\u00f3n P\u00fablica en Am\u00e9rica Latina, la experiencia de Coatzacoalcos, Veracruz, M\u00e9xico\u201d.<\/p>\n\n\n\n<p>Al ser Coatzacoalcos uno de los municipios m\u00e1s avanzados en materia de buenas pr\u00e1cticas gubernamentales alineados a la Agenda 2030, el Gobierno del Estado en reconocimiento a los logros obtenidos en esta administraci\u00f3n municipal, que colocan a Coatzacoalcos como ejemplo estatal y nacional, propuso al Alcalde acudir a este congreso y mostrarle al mundo lo conseguido en casi cuatro a\u00f1os de administraci\u00f3n en que se inici\u00f3 este trabajo de inclusi\u00f3n de los ciudadanos, principalmente de la zona rural, a las nuevas tecnolog\u00edas y ordenamiento administrativo y financiero.<\/p>\n\n\n\n<p>V\u00edctor Carranza en su participaci\u00f3n explicar\u00e1 su experiencia de gobierno, los principales retos que se enfrentaron y la manera en la que se superaron en nuestro municipio, aunado a las tareas realizadas para sentar las bases de un municipio transparente, financieramente estable y conectado con el mundo, atendiendo la Agenda 2030 propuesta por la Organizaci\u00f3n de las Naciones Unidas. Para esta participaci\u00f3n el Alcalde se har\u00e1 acompa\u00f1ar de parte de su equipo, Federico Mauricio Garc\u00eda Hern\u00e1ndez, Director de Innovaci\u00f3n Gubernamental y Juan Antonio Garc\u00eda Y\u00e1\u00f1ez, Director de Comunicaci\u00f3n Social, quienes acuden en calidad de co-panelistas.<\/p>\n\n\n\n<p>Cabe destacar, que el Centro Latinoamericano de Administraci\u00f3n para el Desarrollo (CLAD), el Departamento Administrativo de la Funci\u00f3n P\u00fablica de Colombia (DAFP) y la Escuela Superior de Administraci\u00f3n P\u00fablica de Bogot\u00e1 (ESAP), se unen para desarrollar este Congreso en el que se refieren ocho \u00e1reas tem\u00e1ticas, con las que se comparten experiencias e investigaciones entre los pa\u00edses participantes y se pulen estrategias sobre la Reforma del Estado y de la Administraci\u00f3n P\u00fablica.<\/p>\n\n\n\n<p>Sin duda el XXVI Congreso del CLAD, es un gran escenario en el que V\u00edctor Carranza pondr\u00e1 en alto el nombre de Coatzacoalcos en Am\u00e9rica Latina.<\/p>\n\n\n\n<p>Fuente: Redacci\u00f3n <\/p>\n\n\n\n<p><\/p>\n","protected":false},"excerpt":{"rendered":"<p>\u2022 Participar\u00e1 el jueves 25 en el XXVI Congreso Internacional del Centro Latinoamericano de Administraci\u00f3n para el Desarrollo (CLAD), que se realiza del 23 al 26 de noviembre.\u2022 Es el \u00fanico Alcalde Veracruzano invitado a este importante foro como panelista. Coatzacoalcos, Ver. \u2013 A invitaci\u00f3n del Instituto Veracruzano de Desarrollo Municipal (INVEDEM), el Presidente Municipal<a class=\"read-more\" href=\"https:\/\/globalnewsmexico.com\/sitio\/participa-alcalde-en-congreso-internacional-de-administracion-publica\/\">Leer m\u00e1s<\/a><\/p>\n","protected":false},"author":5,"featured_media":66857,"comment_status":"closed","ping_status":"open","sticky":false,"template":"","format":"standard","meta":{"spay_email":"","footnotes":""},"categories":[37,8,50,52],"tags":[],"jetpack_featured_media_url":"https:\/\/i2.wp.com\/globalnewsmexico.com\/sitio\/wp-content\/uploads\/2021\/11\/26-de-noviembre.jpg?fit=1024%2C768&ssl=1","jetpack_sharing_enabled":true,"jetpack_shortlink":"https:\/\/wp.me\/p9yqPL-hok","jetpack_likes_enabled":true,"_links":{"self":[{"href":"https:\/\/globalnewsmexico.com\/sitio\/wp-json\/wp\/v2\/posts\/66856"}],"collection":[{"href":"https:\/\/globalnewsmexico.com\/sitio\/wp-json\/wp\/v2\/posts"}],"about":[{"href":"https:\/\/globalnewsmexico.com\/sitio\/wp-json\/wp\/v2\/types\/post"}],"author":[{"embeddable":true,"href":"https:\/\/globalnewsmexico.com\/sitio\/wp-json\/wp\/v2\/users\/5"}],"replies":[{"embeddable":true,"href":"https:\/\/globalnewsmexico.com\/sitio\/wp-json\/wp\/v2\/comments?post=66856"}],"version-history":[{"count":0,"href":"https:\/\/globalnewsmexico.com\/sitio\/wp-json\/wp\/v2\/posts\/66856\/revisions"}],"wp:featuredmedia":[{"embeddable":true,"href":"https:\/\/globalnewsmexico.com\/sitio\/wp-json\/wp\/v2\/media\/66857"}],"wp:attachment":[{"href":"https:\/\/globalnewsmexico.com\/sitio\/wp-json\/wp\/v2\/media?parent=66856"}],"wp:term":[{"taxonomy":"category","embeddable":true,"href":"https:\/\/globalnewsmexico.com\/sitio\/wp-json\/wp\/v2\/categories?post=66856"},{"taxonomy":"post_tag","embeddable":true,"href":"https:\/\/globalnewsmexico.com\/sitio\/wp-json\/wp\/v2\/tags?post=66856"}],"curies":[{"name":"wp","href":"https:\/\/api.w.org\/{rel}","templated":true}]}}