{"id":66891,"date":"2021-11-29T17:11:08","date_gmt":"2021-11-29T23:11:08","guid":{"rendered":"http:\/\/globalnewsmexico.com\/sitio\/?p=66891"},"modified":"2021-11-29T17:11:11","modified_gmt":"2021-11-29T23:11:11","slug":"logra-presente-administracion-apoyo-para-planteles-escolares","status":"publish","type":"post","link":"https:\/\/globalnewsmexico.com\/sitio\/logra-presente-administracion-apoyo-para-planteles-escolares\/","title":{"rendered":"Logra presente administraci\u00f3n apoyo para planteles escolares"},"content":{"rendered":"\n<p>\u2022 Una vez m\u00e1s, se reafirma el compromiso del Gobierno Municipal con la educaci\u00f3n de los estudiantes porte\u00f1os.<\/p>\n\n\n\n<p>Coatzacoalcos, Ver. \u2013 Esta administraci\u00f3n municipal sent\u00f3 las bases ante Espacios Educativos, dependiente de la Secretar\u00eda de Educaci\u00f3n de Veracruz, para que en el 2022, un bachillerato, dos secundarias y 19 primarias, adem\u00e1s del ITESCO, reciban apoyo para su infraestructura escolar.<\/p>\n\n\n\n<p>Lo anterior fue externado por la Regidora Segunda con la Comisi\u00f3n de Educaci\u00f3n, Alma Rosa Esparza Morales, quien agreg\u00f3 que Espacios Educativos ya inform\u00f3 al Gobierno Municipal los planteles escolares que ser\u00e1n apoyados gracias a las gestiones de la administraci\u00f3n que encabeza V\u00edctor Manuel Carranza Rosaldo.<\/p>\n\n\n\n<p>La misma ser\u00e1 cosechada por la pr\u00f3xima administraci\u00f3n, beneficiando a una poblaci\u00f3n escolar de 8 mil 787 alumnos y adem\u00e1s de los 4 mil 820 estudiantes del ITESCO.<\/p>\n\n\n\n<p>Fue el Ing. Oscar Hern\u00e1ndez V\u00e1zquez, Subdirector de Construcci\u00f3n de Espacios Educativos, quien notific\u00f3 v\u00eda telef\u00f3nica y posteriormente por escrito a la Regidora que hab\u00edan sido pre aprobados en un primer filtro 22 de los 29 planteles que hab\u00edan solicitado el apoyo de la SEV.<\/p>\n\n\n\n<p>PLANTELES QUE SE APOYAR\u00c1N<\/p>\n\n\n\n<p>En la solicitud se abarca las necesidades de los siguientes planteles, de educaci\u00f3n primaria: Mar\u00eda Ramos Rojas, Mercedes Peniche de C\u00e1ceres, Ignacio Zaragoza, Tomasa Vald\u00e9s viuda de Alem\u00e1n, Adolfo L\u00f3pez Mateos, Independencia, Gloria Corrales de Osorio, Juan de la Luz Enr\u00edquez, Belisario Dom\u00ednguez, Francisco H. Santos de la colonia Puerto M\u00e9xico y Francisco H. Santos de la colonia Santa Mar\u00eda, 20 de Noviembre, Solidaridad, Pensamiento Juarista, Manuel Altamirano, Benito Ju\u00e1rez Garc\u00eda, entre otros.<\/p>\n\n\n\n<p>Igualmente, la Escuela Secundaria T\u00e9cnica Industrial n\u00famero 19, Escuela Secundaria General n\u00famero 7 y el Colegio de Bachilleres del Estado de Veracruz plantel 68.<\/p>\n\n\n\n<p>Con esta acci\u00f3n y las realizadas a lo largo de la presente administraci\u00f3n, se reafirma una vez m\u00e1s el compromiso con la educaci\u00f3n y el desarrollo de los estudiantes porte\u00f1os.<\/p>\n\n\n\n<p>Fuente: Redacci\u00f3n<\/p>\n\n\n\n<p><\/p>\n","protected":false},"excerpt":{"rendered":"<p>\u2022 Una vez m\u00e1s, se reafirma el compromiso del Gobierno Municipal con la educaci\u00f3n de los estudiantes porte\u00f1os. Coatzacoalcos, Ver. \u2013 Esta administraci\u00f3n municipal sent\u00f3 las bases ante Espacios Educativos, dependiente de la Secretar\u00eda de Educaci\u00f3n de Veracruz, para que en el 2022, un bachillerato, dos secundarias y 19 primarias, adem\u00e1s del ITESCO, reciban apoyo<a class=\"read-more\" href=\"https:\/\/globalnewsmexico.com\/sitio\/logra-presente-administracion-apoyo-para-planteles-escolares\/\">Leer m\u00e1s<\/a><\/p>\n","protected":false},"author":5,"featured_media":66892,"comment_status":"closed","ping_status":"open","sticky":false,"template":"","format":"standard","meta":{"spay_email":"","footnotes":""},"categories":[37,8,50,52],"tags":[],"jetpack_featured_media_url":"https:\/\/i1.wp.com\/globalnewsmexico.com\/sitio\/wp-content\/uploads\/2021\/11\/29-de-noviembre-5.jpg?fit=1040%2C693&ssl=1","jetpack_sharing_enabled":true,"jetpack_shortlink":"https:\/\/wp.me\/p9yqPL-hoT","jetpack_likes_enabled":true,"_links":{"self":[{"href":"https:\/\/globalnewsmexico.com\/sitio\/wp-json\/wp\/v2\/posts\/66891"}],"collection":[{"href":"https:\/\/globalnewsmexico.com\/sitio\/wp-json\/wp\/v2\/posts"}],"about":[{"href":"https:\/\/globalnewsmexico.com\/sitio\/wp-json\/wp\/v2\/types\/post"}],"author":[{"embeddable":true,"href":"https:\/\/globalnewsmexico.com\/sitio\/wp-json\/wp\/v2\/users\/5"}],"replies":[{"embeddable":true,"href":"https:\/\/globalnewsmexico.com\/sitio\/wp-json\/wp\/v2\/comments?post=66891"}],"version-history":[{"count":0,"href":"https:\/\/globalnewsmexico.com\/sitio\/wp-json\/wp\/v2\/posts\/66891\/revisions"}],"wp:featuredmedia":[{"embeddable":true,"href":"https:\/\/globalnewsmexico.com\/sitio\/wp-json\/wp\/v2\/media\/66892"}],"wp:attachment":[{"href":"https:\/\/globalnewsmexico.com\/sitio\/wp-json\/wp\/v2\/media?parent=66891"}],"wp:term":[{"taxonomy":"category","embeddable":true,"href":"https:\/\/globalnewsmexico.com\/sitio\/wp-json\/wp\/v2\/categories?post=66891"},{"taxonomy":"post_tag","embeddable":true,"href":"https:\/\/globalnewsmexico.com\/sitio\/wp-json\/wp\/v2\/tags?post=66891"}],"curies":[{"name":"wp","href":"https:\/\/api.w.org\/{rel}","templated":true}]}}