{"id":66895,"date":"2021-11-29T17:31:35","date_gmt":"2021-11-29T23:31:35","guid":{"rendered":"http:\/\/globalnewsmexico.com\/sitio\/?p=66895"},"modified":"2021-11-29T17:31:39","modified_gmt":"2021-11-29T23:31:39","slug":"playas-de-coatzacoalcos-escenario-de-carrera-off-road","status":"publish","type":"post","link":"https:\/\/globalnewsmexico.com\/sitio\/playas-de-coatzacoalcos-escenario-de-carrera-off-road\/","title":{"rendered":"Playas de Coatzacoalcos, escenario de carrera Off Road"},"content":{"rendered":"\n<p>\u2022 Este domingo, se celebr\u00f3 la pen\u00faltima carrera del Quinto Campeonato Regional de Off Road. La final se estar\u00eda realizando en la tercera semana de diciembre.<\/p>\n\n\n\n<p>Coatzacoalcos, Ver. \u2013 Una jornada cargada de adrenalina y emociones, se vivi\u00f3 en las playas del Malec\u00f3n Costero, a la altura de la Pir\u00e1mide, en donde este domingo se llev\u00f3 a cabo la pen\u00faltima carrera del Quinto Campeonato Regional de Off Road.<\/p>\n\n\n\n<p>Jes\u00fas L\u00f3pez Desales, Titular de COMUDE, fue el encargado de dar el banderazo de salida y expres\u00f3 que el Ayuntamiento de Coatzacoalcos, que preside V\u00edctor Manuel Carranza Rosaldo, a trav\u00e9s del organismo que encabeza, se suma a este esfuerzo para seguir promoviendo el deporte automotor.<\/p>\n\n\n\n<p>Resalt\u00f3 que, este tipo de eventos son al aire libre e impulsan la sana convivencia y generan una importante derrama econ\u00f3mica, ya que se cont\u00f3 con la participaci\u00f3n de m\u00e1s de 40 participantes de estados como Puebla, Chiapas, Tabasco, Veracruz y de la regi\u00f3n sur, de Minatitl\u00e1n y Coatzacoalcos.<\/p>\n\n\n\n<p>L\u00f3pez Desales agradeci\u00f3 el respaldo del Alcalde V\u00edctor Carranza, y el apoyo del personal de Protecci\u00f3n Civil, Tr\u00e1nsito del Estado, Penthatl\u00f3n Militarizado, Polic\u00eda Municipal y Obras P\u00fablicas, para poder efectuar esta pen\u00faltima carrera. La final se podr\u00eda hacer durante la tercera semana de diciembre.<\/p>\n\n\n\n<p>Gast\u00f3n Ferrer Moncisbay, promotor de Off Road, agradeci\u00f3 el apoyo brindado por el Presidente Municipal, a trav\u00e9s de la COMUDE y Obras P\u00fablicas, ya que el Departamento de Maquinaria Pesada se encarg\u00f3 de acondicionar la superficie donde se hizo este certamen, por lo que hubo un evento familiar, exitoso y seguro, a pesar de las inclemencias del tiempo.<\/p>\n\n\n\n<p>Cabe se\u00f1alar, que en todo momento, las personas presentes cuidaron las medidas sanitarias, como el uso de cubreboca, superando las expectativas de los organizadores en cuesti\u00f3n de asistencia, ya que hab\u00eda gente incluso en la Pir\u00e1mide observando la competencia.<\/p>\n\n\n\n<p>Fuente: Redacci\u00f3n<\/p>\n\n\n\n<p><\/p>\n","protected":false},"excerpt":{"rendered":"<p>\u2022 Este domingo, se celebr\u00f3 la pen\u00faltima carrera del Quinto Campeonato Regional de Off Road. La final se estar\u00eda realizando en la tercera semana de diciembre. Coatzacoalcos, Ver. \u2013 Una jornada cargada de adrenalina y emociones, se vivi\u00f3 en las playas del Malec\u00f3n Costero, a la altura de la Pir\u00e1mide, en donde este domingo se<a class=\"read-more\" href=\"https:\/\/globalnewsmexico.com\/sitio\/playas-de-coatzacoalcos-escenario-de-carrera-off-road\/\">Leer m\u00e1s<\/a><\/p>\n","protected":false},"author":5,"featured_media":66896,"comment_status":"closed","ping_status":"open","sticky":false,"template":"","format":"standard","meta":{"spay_email":"","footnotes":""},"categories":[37,8,50,52],"tags":[],"jetpack_featured_media_url":"https:\/\/i2.wp.com\/globalnewsmexico.com\/sitio\/wp-content\/uploads\/2021\/11\/29-de-noviembre-7.jpg?fit=1040%2C693&ssl=1","jetpack_sharing_enabled":true,"jetpack_shortlink":"https:\/\/wp.me\/p9yqPL-hoX","jetpack_likes_enabled":true,"_links":{"self":[{"href":"https:\/\/globalnewsmexico.com\/sitio\/wp-json\/wp\/v2\/posts\/66895"}],"collection":[{"href":"https:\/\/globalnewsmexico.com\/sitio\/wp-json\/wp\/v2\/posts"}],"about":[{"href":"https:\/\/globalnewsmexico.com\/sitio\/wp-json\/wp\/v2\/types\/post"}],"author":[{"embeddable":true,"href":"https:\/\/globalnewsmexico.com\/sitio\/wp-json\/wp\/v2\/users\/5"}],"replies":[{"embeddable":true,"href":"https:\/\/globalnewsmexico.com\/sitio\/wp-json\/wp\/v2\/comments?post=66895"}],"version-history":[{"count":0,"href":"https:\/\/globalnewsmexico.com\/sitio\/wp-json\/wp\/v2\/posts\/66895\/revisions"}],"wp:featuredmedia":[{"embeddable":true,"href":"https:\/\/globalnewsmexico.com\/sitio\/wp-json\/wp\/v2\/media\/66896"}],"wp:attachment":[{"href":"https:\/\/globalnewsmexico.com\/sitio\/wp-json\/wp\/v2\/media?parent=66895"}],"wp:term":[{"taxonomy":"category","embeddable":true,"href":"https:\/\/globalnewsmexico.com\/sitio\/wp-json\/wp\/v2\/categories?post=66895"},{"taxonomy":"post_tag","embeddable":true,"href":"https:\/\/globalnewsmexico.com\/sitio\/wp-json\/wp\/v2\/tags?post=66895"}],"curies":[{"name":"wp","href":"https:\/\/api.w.org\/{rel}","templated":true}]}}