{"id":67040,"date":"2021-12-16T18:49:18","date_gmt":"2021-12-17T00:49:18","guid":{"rendered":"http:\/\/globalnewsmexico.com\/sitio\/?p=67040"},"modified":"2021-12-16T18:49:21","modified_gmt":"2021-12-17T00:49:21","slug":"cumplira-su-palabra-sergio-gutierrez-luna-aportara-su-aguinaldo-para-la-ninez-veracruzana","status":"publish","type":"post","link":"https:\/\/globalnewsmexico.com\/sitio\/cumplira-su-palabra-sergio-gutierrez-luna-aportara-su-aguinaldo-para-la-ninez-veracruzana\/","title":{"rendered":"Cumplir\u00e1 su palabra Sergio Guti\u00e9rrez Luna; aportar\u00e1 su aguinaldo para la ni\u00f1ez veracruzana"},"content":{"rendered":"\n<p>Se re\u00fane digitalmente con decenas de periodistas veracruzanos<\/p>\n\n\n\n<p>Reitera su convicci\u00f3n por la pol\u00edtica constructiva y de atenci\u00f3n a los pobres<\/p>\n\n\n\n<p>Ciudad de M\u00e9xico, 16 de diciembre de 2021.- El Presidente de la Comisi\u00f3n Permanente del Congreso de la Uni\u00f3n, el veracruzano Sergio Guti\u00e9rrez Luna, sostuvo un ejercicio de comunicaci\u00f3n digital con periodistas de la entidad donde refrend\u00f3 su vocaci\u00f3n de dar a conocer las actividades de la C\u00e1mara de Diputados y los logros de la Cuarta Transformaci\u00f3n.<\/p>\n\n\n\n<p>El legislador originario de Minatitl\u00e1n, al sur de Veracruz, atendi\u00f3 los cuestionamientos de comunicadores de diferentes partes de la entidad a quienes les reiter\u00f3 su convicci\u00f3n de hacer pol\u00edtica constructiva y de convicciones que atiendan a la poblaci\u00f3n que m\u00e1s lo necesita.<\/p>\n\n\n\n<p>Sergio Guti\u00e9rrez, quien la v\u00edspera fue electo por senadores y diputados como presidente de la Comisi\u00f3n Permanente del Congreso de la Uni\u00f3n, se\u00f1al\u00f3 que los compromisos se cumplen y por ello este fin de semana har\u00e1 realidad el ofrecimiento de donar su aguinaldo para ni\u00f1os y ni\u00f1as de Veracruz.<\/p>\n\n\n\n<p>\u201cVoy a cumplir con el anuncio que hice de donar mi aguinaldo. Este fin de semana voy a cumplir mi ofrecimiento y estaremos acompa\u00f1ando a ni\u00f1os y sus familias en reuniones en el norte, sur y la zona de la cuenca del Papaloapan\u201d, dijo a reporteros.<\/p>\n\n\n\n<p>El veracruzano inform\u00f3 sobre las actividades realizadas durante el Primer Periodo Ordinario de Sesiones de la LXV Legislatura donde se realizaron 32 sesiones ordinarias y tres solemnes con motivo de la creaci\u00f3n de la Secretar\u00eda de Educaci\u00f3n P\u00fablica; el Bicentenario de la Marina Armada de M\u00e9xico, y el D\u00eda Internacional de la Eliminaci\u00f3n de la Violencia contra la Mujer.<\/p>\n\n\n\n<p>Se presentaron 737 iniciativas en la C\u00e1mara de Diputados, de las cuales cinco fueron enviadas por el presidente de la Rep\u00fablica.<\/p>\n\n\n\n<p>La fracci\u00f3n parlamentaria de Morena, present\u00f3 240 iniciativas; el PAN, 170; PRI, 114; PT, 58; MC, 51; PVEM, 35, y PRD, 24. Y 40 m\u00e1s, enviadas por los congresos locales.<\/p>\n\n\n\n<p>En el Sal\u00f3n Plenario se aprobaron 28 dict\u00e1menes entre los que destacan los relativos al Paquete Econ\u00f3mico 2022; el que expidi\u00f3 la Ley Federal de Juicio Pol\u00edtico y Declaraci\u00f3n de Procedencia; la Ley Federal de Revocaci\u00f3n de Mandato, entre otros.<\/p>\n\n\n\n<p>Ante casi un centenar de periodistas de diferentes medios de comunicaci\u00f3n que plantearon sus preguntas v\u00eda digital a trav\u00e9s de la plataforma Zoom, el diputado federal minatitleco refiri\u00f3 que a la par de las actividades en la sede legislativa, realiza recorridos y reuniones con sectores productivos, ciudadanos y militantes de Morena para darles a conocer directamente las cosas buenas que se hacen en la Cuarta Transformaci\u00f3n.<\/p>\n\n\n\n<p>Fuente: Redacci\u00f3n<\/p>\n\n\n\n<p><\/p>\n","protected":false},"excerpt":{"rendered":"<p>Se re\u00fane digitalmente con decenas de periodistas veracruzanos Reitera su convicci\u00f3n por la pol\u00edtica constructiva y de atenci\u00f3n a los pobres Ciudad de M\u00e9xico, 16 de diciembre de 2021.- El Presidente de la Comisi\u00f3n Permanente del Congreso de la Uni\u00f3n, el veracruzano Sergio Guti\u00e9rrez Luna, sostuvo un ejercicio de comunicaci\u00f3n digital con periodistas de la<a class=\"read-more\" href=\"https:\/\/globalnewsmexico.com\/sitio\/cumplira-su-palabra-sergio-gutierrez-luna-aportara-su-aguinaldo-para-la-ninez-veracruzana\/\">Leer m\u00e1s<\/a><\/p>\n","protected":false},"author":5,"featured_media":67041,"comment_status":"closed","ping_status":"open","sticky":false,"template":"","format":"standard","meta":{"spay_email":"","footnotes":""},"categories":[37,8,42,52],"tags":[],"jetpack_featured_media_url":"https:\/\/i2.wp.com\/globalnewsmexico.com\/sitio\/wp-content\/uploads\/2021\/12\/16-de-diciembre-4.jpg?fit=1024%2C576&ssl=1","jetpack_sharing_enabled":true,"jetpack_shortlink":"https:\/\/wp.me\/p9yqPL-hri","jetpack_likes_enabled":true,"_links":{"self":[{"href":"https:\/\/globalnewsmexico.com\/sitio\/wp-json\/wp\/v2\/posts\/67040"}],"collection":[{"href":"https:\/\/globalnewsmexico.com\/sitio\/wp-json\/wp\/v2\/posts"}],"about":[{"href":"https:\/\/globalnewsmexico.com\/sitio\/wp-json\/wp\/v2\/types\/post"}],"author":[{"embeddable":true,"href":"https:\/\/globalnewsmexico.com\/sitio\/wp-json\/wp\/v2\/users\/5"}],"replies":[{"embeddable":true,"href":"https:\/\/globalnewsmexico.com\/sitio\/wp-json\/wp\/v2\/comments?post=67040"}],"version-history":[{"count":0,"href":"https:\/\/globalnewsmexico.com\/sitio\/wp-json\/wp\/v2\/posts\/67040\/revisions"}],"wp:featuredmedia":[{"embeddable":true,"href":"https:\/\/globalnewsmexico.com\/sitio\/wp-json\/wp\/v2\/media\/67041"}],"wp:attachment":[{"href":"https:\/\/globalnewsmexico.com\/sitio\/wp-json\/wp\/v2\/media?parent=67040"}],"wp:term":[{"taxonomy":"category","embeddable":true,"href":"https:\/\/globalnewsmexico.com\/sitio\/wp-json\/wp\/v2\/categories?post=67040"},{"taxonomy":"post_tag","embeddable":true,"href":"https:\/\/globalnewsmexico.com\/sitio\/wp-json\/wp\/v2\/tags?post=67040"}],"curies":[{"name":"wp","href":"https:\/\/api.w.org\/{rel}","templated":true}]}}