{"id":67153,"date":"2022-05-22T16:39:02","date_gmt":"2022-05-22T21:39:02","guid":{"rendered":"http:\/\/globalnewsmexico.com\/sitio\/?p=67153"},"modified":"2022-05-22T16:39:05","modified_gmt":"2022-05-22T21:39:05","slug":"promocionan-festival-de-los-500-anos-en-la-ciudad-de-mexico","status":"publish","type":"post","link":"https:\/\/globalnewsmexico.com\/sitio\/promocionan-festival-de-los-500-anos-en-la-ciudad-de-mexico\/","title":{"rendered":"Promocionan Festival de los 500 a\u00f1os en la Ciudad de M\u00e9xico"},"content":{"rendered":"\n<p>Desde la capital del pa\u00eds, invitan a toda la poblaci\u00f3n a sumarse en este gran festejo de Coatzacoalcos<\/p>\n\n\n\n<p>Regidores de Coatzacoalcos acudieron al Centro Cultural Los Pinos, en la Ciudad de M\u00e9xico, para promocionar y hacer una invitaci\u00f3n a toda la poblaci\u00f3n, a nivel nacional, a la celebraci\u00f3n de los 500 a\u00f1os de la Fundaci\u00f3n de la Villa del Esp\u00edritu Santo, que se llevar\u00e1 a cabo del 8 al 12 de junio en esta ciudad veracruzana.<\/p>\n\n\n\n<p>En rueda de prensa, el Regidor D\u00e9cimo Tercero, Luis Guti\u00e9rrez Gonz\u00e1lez, manifest\u00f3 que por instrucci\u00f3n del Presidente Municipal, Amado Cruz Malpica, se realiza una gira que inici\u00f3 en Villahermosa, Tabasco y que continuar\u00e1 en otras ciudades, ya que el objetivo es que gente de todo el pa\u00eds conmemore junto a los porte\u00f1os esta gran fecha para Coatzacoalcos.<\/p>\n\n\n\n<p>\u201cCreemos que nos merecemos una gran fiesta, que los ciudadanos de todo el sureste del pa\u00eds se deben una celebraci\u00f3n cultural como la que se prepara para todos; estamos convencidos de que estaremos a la altura de nuestros visitantes para atenderlos con calidad, pero sobre todo con mucha calidez, la que caracteriza al pueblo de Coatzacoalcos\u201d, remarc\u00f3.<\/p>\n\n\n\n<p>Por su parte, el Productor Ejecutivo del evento, Joaqu\u00edn Trujillo Negrete, agradeci\u00f3 a la titular de la Secretar\u00eda de Cultura de la Ciudad de M\u00e9xico, Alejandra Frausto Guerrero, por la anfitrion\u00eda y detall\u00f3 las actividades que se realizar\u00e1n bajo la direcci\u00f3n de Alejandra Gonz\u00e1lez Anaya, de la casa productora Vuela Corp.<\/p>\n\n\n\n<p>\u201cEs una celebraci\u00f3n para recordar nuestras ra\u00edces e impulsar la identidad y pertenencia de manera cultural y art\u00edstica, como bien dice el Presidente Amado Cruz, ser\u00e1 una celebraci\u00f3n tem\u00e1tica que no es solo para nosotros, sino para toda la rep\u00fablica y principalmente para todo el sureste de M\u00e9xico\u201d, expuso.<\/p>\n\n\n\n<p>Trujillo Negrete, enfatiz\u00f3 que buscar\u00e1n que este festival se quede para los pr\u00f3ximos a\u00f1os porque todos somos Coatzacoalcos: \u201cHan sido cinco siglos de transformaci\u00f3n pura que nos han llevado a convertirnos en el puerto del futuro, al ser una de las puertas del gran plan nacional interoce\u00e1nico del Istmo de Tehuantepec.\u201d<\/p>\n\n\n\n<p>Por \u00faltimo, el Productor Ejecutivo se\u00f1al\u00f3 que el programa abarcar\u00e1 cinco d\u00edas, del 8 al 12 junio en donde los valores centrales son la identidad, la pertenencia, el orgullo de Coatza, la comunidad y la seguridad: \u201cCreemos que con estos valores arrancamos una nueva etapa en Coatzacoalcos y vamos a hacer que brille.\u201d<\/p>\n\n\n\n<p>Cabe hacer menci\u00f3n que, durante los festejos, se instalar\u00e1 \u201cLa Villa de los 500 a\u00f1os\u201d que incluir\u00e1 un \u00e1rea de actividades culturales, art\u00edsticas y gastron\u00f3micas; para el cierre, se realizar\u00e1 un desfile conmemorativo que contar\u00e1 la historia de Coatzacoalcos, con un gran Quetzalc\u00f3atl, carros aleg\u00f3ricos, vestuarios y m\u00fasica, con la participaci\u00f3n de mil personas a lo largo de tres kil\u00f3metros.<\/p>\n\n\n\n<p>Durante la rueda de prensa estuvieron presentes los Regidores: Isidro Enrique Villegas Garc\u00eda, Mar\u00eda Sandra Collins Coronel, \u00c1ngel Echevarr\u00eda Escamilla, Yajaira Tadeo Rodr\u00edguez, Emir S\u00e1nchez V\u00e1zquez, Carmen de Jes\u00fas L\u00f3pez Ramos, Silvia Patricia Hong Hern\u00e1ndez y V\u00edctor Octavio Paz Castilla.<\/p>\n\n\n\n<p><\/p>\n\n\n\n<p>Fuente: Redacci\u00f3n<\/p>\n\n\n\n<p><\/p>\n","protected":false},"excerpt":{"rendered":"<p>Desde la capital del pa\u00eds, invitan a toda la poblaci\u00f3n a sumarse en este gran festejo de Coatzacoalcos Regidores de Coatzacoalcos acudieron al Centro Cultural Los Pinos, en la Ciudad de M\u00e9xico, para promocionar y hacer una invitaci\u00f3n a toda la poblaci\u00f3n, a nivel nacional, a la celebraci\u00f3n de los 500 a\u00f1os de la Fundaci\u00f3n<a class=\"read-more\" href=\"https:\/\/globalnewsmexico.com\/sitio\/promocionan-festival-de-los-500-anos-en-la-ciudad-de-mexico\/\">Leer m\u00e1s<\/a><\/p>\n","protected":false},"author":5,"featured_media":67154,"comment_status":"closed","ping_status":"open","sticky":false,"template":"","format":"standard","meta":{"spay_email":"","footnotes":""},"categories":[37,8,50,52],"tags":[],"jetpack_featured_media_url":"https:\/\/i2.wp.com\/globalnewsmexico.com\/sitio\/wp-content\/uploads\/2022\/05\/22-de-mayo-3.jpg?fit=1040%2C741&ssl=1","jetpack_sharing_enabled":true,"jetpack_shortlink":"https:\/\/wp.me\/p9yqPL-ht7","jetpack_likes_enabled":true,"_links":{"self":[{"href":"https:\/\/globalnewsmexico.com\/sitio\/wp-json\/wp\/v2\/posts\/67153"}],"collection":[{"href":"https:\/\/globalnewsmexico.com\/sitio\/wp-json\/wp\/v2\/posts"}],"about":[{"href":"https:\/\/globalnewsmexico.com\/sitio\/wp-json\/wp\/v2\/types\/post"}],"author":[{"embeddable":true,"href":"https:\/\/globalnewsmexico.com\/sitio\/wp-json\/wp\/v2\/users\/5"}],"replies":[{"embeddable":true,"href":"https:\/\/globalnewsmexico.com\/sitio\/wp-json\/wp\/v2\/comments?post=67153"}],"version-history":[{"count":0,"href":"https:\/\/globalnewsmexico.com\/sitio\/wp-json\/wp\/v2\/posts\/67153\/revisions"}],"wp:featuredmedia":[{"embeddable":true,"href":"https:\/\/globalnewsmexico.com\/sitio\/wp-json\/wp\/v2\/media\/67154"}],"wp:attachment":[{"href":"https:\/\/globalnewsmexico.com\/sitio\/wp-json\/wp\/v2\/media?parent=67153"}],"wp:term":[{"taxonomy":"category","embeddable":true,"href":"https:\/\/globalnewsmexico.com\/sitio\/wp-json\/wp\/v2\/categories?post=67153"},{"taxonomy":"post_tag","embeddable":true,"href":"https:\/\/globalnewsmexico.com\/sitio\/wp-json\/wp\/v2\/tags?post=67153"}],"curies":[{"name":"wp","href":"https:\/\/api.w.org\/{rel}","templated":true}]}}