{"id":67278,"date":"2022-06-05T19:47:32","date_gmt":"2022-06-06T00:47:32","guid":{"rendered":"http:\/\/globalnewsmexico.com\/sitio\/?p=67278"},"modified":"2022-06-05T19:47:35","modified_gmt":"2022-06-06T00:47:35","slug":"engalana-congreso-de-veracruz-festejos-de-los-500-anos-de-coatzacoalcos","status":"publish","type":"post","link":"https:\/\/globalnewsmexico.com\/sitio\/engalana-congreso-de-veracruz-festejos-de-los-500-anos-de-coatzacoalcos\/","title":{"rendered":"Engalana Congreso de Veracruz festejos de los 500 a\u00f1os de Coatzacoalcos"},"content":{"rendered":"\n<p>Legisladores del Congreso del Estado de Veracruz engalanar\u00e1n la conmemoraci\u00f3n de la Fundaci\u00f3n de los 500 a\u00f1os de la Villa del Esp\u00edritu de Santo con la instalaci\u00f3n en Coatzacoalcos de la Sesi\u00f3n Ordinaria, el pr\u00f3ximo jueves 9 de junio.<\/p>\n\n\n\n<p>Ser\u00e1n 50 diputados de las diferentes fracciones parlamentarias, de todos los distritos de la entidad veracruzana, los que se reunir\u00e1n en este puerto.<\/p>\n\n\n\n<p>El Presidente Municipal, Amado Cruz Malpica, agradeci\u00f3 a la Sexag\u00e9sima Sexta Legislatura del Congreso del Estado de Veracruz por escoger como sede a esta ciudad para sesionar y celebrar junto a los porte\u00f1os cinco siglos de identidad, pertenencia, orgullo, comunidad y seguridad.<\/p>\n\n\n\n<p>\u201cA nombre del pueblo de Coatzacoalcos les expreso que nos sentimos muy honrados por sumarse a este festejo que busca impulsar el despertar de esta gran ciudad, polo de desarrollo del sur de Veracruz y del sureste del pa\u00eds\u201d, manifest\u00f3.<\/p>\n\n\n\n<p>La Gaceta del Congreso inform\u00f3 que, \u201cpor acuerdo de la Junta de Coordinaci\u00f3n Pol\u00edtica (Jucopo) y en apego a lo dispuesto en el Art\u00edculo 28 de la Constituci\u00f3n Pol\u00edtica del Estado, la LXVI Legislatura sesionar\u00e1 este 9 de junio a las 14:00 horas en la ciudad de Coatzacoalcos, en la conmemoraci\u00f3n de los 500 a\u00f1os de la fundaci\u00f3n de la Villa del Esp\u00edritu Santo (actualmente municipio de Coatzacoalcos)\u201d.<\/p>\n\n\n\n<p>Fue en la Cuarta Sesi\u00f3n Ordinaria, donde la presidenta de la Mesa Directiva, diputada Cecilia Guevara, instruy\u00f3 dar lectura al Acuerdo por el que se designa a Coatzacoalcos sede provisional del Congreso del Estado de Veracruz, contando con el voto aprobatorio de 40 integrantes de esta Legislatura.<\/p>\n\n\n\n<p>En el documento se reconoce la importancia estatal y nacional de esta municipalidad en materia de desarrollo econ\u00f3mico y la conmemoraci\u00f3n de sus or\u00edgenes fundacionales.<\/p>\n\n\n\n<p>Cabe hacer menci\u00f3n que, durante la Sesi\u00f3n, se entregar\u00e1 el Premio Medalla al M\u00e9rito por la Defensa y Mejora del Medio Ambiente al ciudadano Manuel Guevara Huerta.<\/p>\n\n\n\n<p><\/p>\n\n\n\n<p>Fuente: Redacci\u00f3n<\/p>\n\n\n\n<p><\/p>\n","protected":false},"excerpt":{"rendered":"<p>Legisladores del Congreso del Estado de Veracruz engalanar\u00e1n la conmemoraci\u00f3n de la Fundaci\u00f3n de los 500 a\u00f1os de la Villa del Esp\u00edritu de Santo con la instalaci\u00f3n en Coatzacoalcos de la Sesi\u00f3n Ordinaria, el pr\u00f3ximo jueves 9 de junio. Ser\u00e1n 50 diputados de las diferentes fracciones parlamentarias, de todos los distritos de la entidad veracruzana,<a class=\"read-more\" href=\"https:\/\/globalnewsmexico.com\/sitio\/engalana-congreso-de-veracruz-festejos-de-los-500-anos-de-coatzacoalcos\/\">Leer m\u00e1s<\/a><\/p>\n","protected":false},"author":5,"featured_media":67279,"comment_status":"closed","ping_status":"open","sticky":false,"template":"","format":"standard","meta":{"spay_email":"","footnotes":""},"categories":[37,8,50,52],"tags":[],"jetpack_featured_media_url":"https:\/\/i2.wp.com\/globalnewsmexico.com\/sitio\/wp-content\/uploads\/2022\/06\/5-de-junio.jpg?fit=1040%2C693&ssl=1","jetpack_sharing_enabled":true,"jetpack_shortlink":"https:\/\/wp.me\/p9yqPL-hv8","jetpack_likes_enabled":true,"_links":{"self":[{"href":"https:\/\/globalnewsmexico.com\/sitio\/wp-json\/wp\/v2\/posts\/67278"}],"collection":[{"href":"https:\/\/globalnewsmexico.com\/sitio\/wp-json\/wp\/v2\/posts"}],"about":[{"href":"https:\/\/globalnewsmexico.com\/sitio\/wp-json\/wp\/v2\/types\/post"}],"author":[{"embeddable":true,"href":"https:\/\/globalnewsmexico.com\/sitio\/wp-json\/wp\/v2\/users\/5"}],"replies":[{"embeddable":true,"href":"https:\/\/globalnewsmexico.com\/sitio\/wp-json\/wp\/v2\/comments?post=67278"}],"version-history":[{"count":0,"href":"https:\/\/globalnewsmexico.com\/sitio\/wp-json\/wp\/v2\/posts\/67278\/revisions"}],"wp:featuredmedia":[{"embeddable":true,"href":"https:\/\/globalnewsmexico.com\/sitio\/wp-json\/wp\/v2\/media\/67279"}],"wp:attachment":[{"href":"https:\/\/globalnewsmexico.com\/sitio\/wp-json\/wp\/v2\/media?parent=67278"}],"wp:term":[{"taxonomy":"category","embeddable":true,"href":"https:\/\/globalnewsmexico.com\/sitio\/wp-json\/wp\/v2\/categories?post=67278"},{"taxonomy":"post_tag","embeddable":true,"href":"https:\/\/globalnewsmexico.com\/sitio\/wp-json\/wp\/v2\/tags?post=67278"}],"curies":[{"name":"wp","href":"https:\/\/api.w.org\/{rel}","templated":true}]}}