{"id":67294,"date":"2022-06-06T17:53:03","date_gmt":"2022-06-06T22:53:03","guid":{"rendered":"http:\/\/globalnewsmexico.com\/sitio\/?p=67294"},"modified":"2022-06-06T17:53:05","modified_gmt":"2022-06-06T22:53:05","slug":"inician-trabajos-para-la-entrega-de-la-medalla-heberto-castillo","status":"publish","type":"post","link":"https:\/\/globalnewsmexico.com\/sitio\/inician-trabajos-para-la-entrega-de-la-medalla-heberto-castillo\/","title":{"rendered":"Inician trabajos para la entrega de la medalla Heberto Castillo"},"content":{"rendered":"\n<p>Ser\u00e1 entregada en sesi\u00f3n solemne el pr\u00f3ximo 23 de agosto, informa la diputada Ver\u00f3nica Pulido Herrera.<\/p>\n\n\n\n<p>En cumplimento a lo dispuesto en el Art\u00edculo 23 de la Ley de Premios del Estado de Veracruz, la Comisi\u00f3n Permanente de Ciencia y Tecnolog\u00eda de la LXVI Legislatura inici\u00f3 los trabajos relativos al proyecto de convocatoria p\u00fablica para el otorgamiento de la medalla Heberto Castillo Mart\u00ednez.<\/p>\n\n\n\n<p>La instancia legislativa, integrada por las diputadas Ver\u00f3nica Pulido Herrera y Perla Eufemia Romero Rodr\u00edguez y por el legislador Juan Enrique Santos Mendoza, presidenta, secretaria y vocal, respectivamente, recibir\u00e1 las propuestas, valorar\u00e1 los m\u00e9ritos de cada aspirante y posteriormente elaborar\u00e1 una terna con las candidatas o candidatos.<\/p>\n\n\n\n<p>Esta distinci\u00f3n ser\u00e1 entregada al ciudadano o ciudadana que sobresalga por sus aportaciones a la investigaci\u00f3n, divulgaci\u00f3n o aplicaci\u00f3n de la ciencia en contribuci\u00f3n al desarrollo del estado o del pa\u00eds.<\/p>\n\n\n\n<p>La diputada Ver\u00f3nica Pulido Herrera explic\u00f3 que, despu\u00e9s de la aprobaci\u00f3n y publicaci\u00f3n de la Convocatoria y del posterior an\u00e1lisis de la trayectoria de cada aspirante, la Comisi\u00f3n emitir\u00e1 un dictamen con los nombres de las personas seleccionadas y corresponder\u00e1 al Pleno determinar por mayor\u00eda al ganador o ganadora.<\/p>\n\n\n\n<p>Se\u00f1al\u00f3 que, debido a la contingencia sanitaria por Covid-19, la medalla Heberto Castillo Mart\u00ednez no fue entregada en los dos a\u00f1os anteriores, por lo que \u201ccomo Comisi\u00f3n retomamos esta entrega, la cual se realizar\u00e1 en sesi\u00f3n solemne el pr\u00f3ximo 23 de agosto como lo marca la normativa\u201d.<\/p>\n\n\n\n<p>Finalmente, extendi\u00f3 la invitaci\u00f3n a asociaciones civiles, investigadores y p\u00fablico en general a que, una vez publicada la convocatoria, presenten sus propuestas. \u201cHay muchos cient\u00edficos veracruzanos que a trav\u00e9s de sus investigaciones han aportado cosas importantes a la ciencia y la tecnolog\u00eda en nuestro estado y en nuestro pa\u00eds\u201d, asegur\u00f3.<\/p>\n\n\n\n<p>En la reuni\u00f3n, celebrada en la Sala Jes\u00fas Reyes Heroles, participaron las diputadas Ver\u00f3nica Pulido Herrera y Perla Eufemia Romero Rodr\u00edguez, as\u00ed como un representante del diputado Juan Enrique Santos Mendoza.<\/p>\n\n\n\n<p><\/p>\n\n\n\n<p>Fuente: Redacci\u00f3n<\/p>\n\n\n\n<p><\/p>\n","protected":false},"excerpt":{"rendered":"<p>Ser\u00e1 entregada en sesi\u00f3n solemne el pr\u00f3ximo 23 de agosto, informa la diputada Ver\u00f3nica Pulido Herrera. En cumplimento a lo dispuesto en el Art\u00edculo 23 de la Ley de Premios del Estado de Veracruz, la Comisi\u00f3n Permanente de Ciencia y Tecnolog\u00eda de la LXVI Legislatura inici\u00f3 los trabajos relativos al proyecto de convocatoria p\u00fablica para<a class=\"read-more\" href=\"https:\/\/globalnewsmexico.com\/sitio\/inician-trabajos-para-la-entrega-de-la-medalla-heberto-castillo\/\">Leer m\u00e1s<\/a><\/p>\n","protected":false},"author":5,"featured_media":67295,"comment_status":"closed","ping_status":"open","sticky":false,"template":"","format":"standard","meta":{"spay_email":"","footnotes":""},"categories":[37,8,50,52],"tags":[],"jetpack_featured_media_url":"https:\/\/i0.wp.com\/globalnewsmexico.com\/sitio\/wp-content\/uploads\/2022\/06\/6-de-junio-6.jpg?fit=1040%2C693&ssl=1","jetpack_sharing_enabled":true,"jetpack_shortlink":"https:\/\/wp.me\/p9yqPL-hvo","jetpack_likes_enabled":true,"_links":{"self":[{"href":"https:\/\/globalnewsmexico.com\/sitio\/wp-json\/wp\/v2\/posts\/67294"}],"collection":[{"href":"https:\/\/globalnewsmexico.com\/sitio\/wp-json\/wp\/v2\/posts"}],"about":[{"href":"https:\/\/globalnewsmexico.com\/sitio\/wp-json\/wp\/v2\/types\/post"}],"author":[{"embeddable":true,"href":"https:\/\/globalnewsmexico.com\/sitio\/wp-json\/wp\/v2\/users\/5"}],"replies":[{"embeddable":true,"href":"https:\/\/globalnewsmexico.com\/sitio\/wp-json\/wp\/v2\/comments?post=67294"}],"version-history":[{"count":0,"href":"https:\/\/globalnewsmexico.com\/sitio\/wp-json\/wp\/v2\/posts\/67294\/revisions"}],"wp:featuredmedia":[{"embeddable":true,"href":"https:\/\/globalnewsmexico.com\/sitio\/wp-json\/wp\/v2\/media\/67295"}],"wp:attachment":[{"href":"https:\/\/globalnewsmexico.com\/sitio\/wp-json\/wp\/v2\/media?parent=67294"}],"wp:term":[{"taxonomy":"category","embeddable":true,"href":"https:\/\/globalnewsmexico.com\/sitio\/wp-json\/wp\/v2\/categories?post=67294"},{"taxonomy":"post_tag","embeddable":true,"href":"https:\/\/globalnewsmexico.com\/sitio\/wp-json\/wp\/v2\/tags?post=67294"}],"curies":[{"name":"wp","href":"https:\/\/api.w.org\/{rel}","templated":true}]}}