{"id":67301,"date":"2022-06-06T21:50:40","date_gmt":"2022-06-07T02:50:40","guid":{"rendered":"http:\/\/globalnewsmexico.com\/sitio\/?p=67301"},"modified":"2022-06-06T21:50:42","modified_gmt":"2022-06-07T02:50:42","slug":"los-500-anos-de-coatzacoalcos-se-haran-presentes-en-la-republica-mexicana","status":"publish","type":"post","link":"https:\/\/globalnewsmexico.com\/sitio\/los-500-anos-de-coatzacoalcos-se-haran-presentes-en-la-republica-mexicana\/","title":{"rendered":"Los 500 a\u00f1os de Coatzacoalcos se har\u00e1n presentes en la Rep\u00fablica Mexicana"},"content":{"rendered":"\n<p>La celebraci\u00f3n de los \u201c500 a\u00f1os de la Fundaci\u00f3n de la Villa del Esp\u00edritu Santo\u201d promovida por el Ayuntamiento de Coatzacoalcos, que preside Amado Jes\u00fas Cruz Malpica, recorrer\u00e1 diversos estados de la Rep\u00fablica Mexicana a trav\u00e9s del autob\u00fas de la l\u00ednea ADO.<\/p>\n\n\n\n<p>A trav\u00e9s de la empresa ADO, la celebraci\u00f3n de los \u201c500 a\u00f1os de la Fundaci\u00f3n de la Villa del Esp\u00edritu Santo\u00bb recorrer\u00e1 varios estados de la Rep\u00fablica Mexicana.<\/p>\n\n\n\n<p>El magno evento que promueve el Ayuntamiento de Coatzacoalcos, que preside Amado Jes\u00fas Cruz Malpica, tendr\u00e1 difusi\u00f3n a trav\u00e9s de los espectaculares dise\u00f1os plasmados en una unidad de pasajeros de la l\u00ednea ADO.<\/p>\n\n\n\n<p>Los gr\u00e1ficos representativos del evento fueron elaborados por el dise\u00f1ador porte\u00f1o, Melesio S\u00e1nchez Conde del H. Ayuntamiento.<\/p>\n\n\n\n<p>El Presidente Municipal, Amado Cruz, expres\u00f3 su agradecimiento a la empresa ADO por sumarse a esta festividad ya que con estas acciones la identidad del municipio ser\u00e1 vista en todo el pa\u00eds.<\/p>\n\n\n\n<p>\u00abEsperemos que este autob\u00fas sea visto a lo largo y ancho del pa\u00eds y que muchas personas conozcan lo que les ofrecemos en Coatzacoalcos\u201d, expres\u00f3.<\/p>\n\n\n\n<p>Esta iniciativa forma parte del proyecto \u201cGaler\u00eda Rodante\u201d con el que autobuses de la empresa ADO exhiben el arte, mostrando en su exterior gr\u00e1ficos basados en las tradiciones de diferentes estados.<\/p>\n\n\n\n<p>Por su parte, el Regidor D\u00e9cimo Tercero, Jos\u00e9 Luis Guti\u00e9rrez, quien hizo esta propuesta al Cabildo municipal felicit\u00f3 y resalt\u00f3 la creatividad del dise\u00f1ador quien destac\u00f3 todos los elementos que distinguen a Coatzacoalcos.<\/p>\n\n\n\n<p>\u00abEstamos agradecidos con la colaboraci\u00f3n del ADO que nos permiti\u00f3 llevar a cabo esta acci\u00f3n y que nos permitir\u00e1 llevar la cultura a grandes ciudades tur\u00edsticas\u00bb, a\u00f1adi\u00f3.<\/p>\n\n\n\n<p>Este autob\u00fas recorrer\u00e1 por un a\u00f1o toda la zona sur del pa\u00eds, incluyendo ciudades importantes y tur\u00edsticas de los siguientes estados: Tamaulipas, Oaxaca, Tabasco, Quintana Roo, Yucat\u00e1n, Chiapas y Guerrero.<\/p>\n\n\n\n<p>En la unidad fueron plasmados vectores que representan los monumentos y lugares m\u00e1s destacados del municipio como: La Paloma de la Paz (Plaza del Esp\u00edritu Santo), Puente Coatzacoalcos 1, Puente Coatzacoalcos 2, las Escolleras, el Faro de Allende y la Pir\u00e1mide del Malec\u00f3n.<\/p>\n\n\n\n<p>El gerente general de ADO, William Herrera Campos, se\u00f1al\u00f3 que este trabajo coordinado forma parte de una alianza cuyo principal objetivo es difundir la cultura y riqueza de la ciudad.<\/p>\n\n\n\n<p>\u00abAhora, nuestra tarea es recordarle a la gente sobre este y otros hechos hist\u00f3ricos que han sucedido en este estado, que en la ciudad existe una gran historia y tradici\u00f3n que pueden conocer a fondo cuando visiten cada uno de los grandes destinos que tenemos para ofrecer\u00bb, mencion\u00f3.<\/p>\n\n\n\n<p>Es preciso mencionar que para la presentaci\u00f3n de la unidad se tuvo como escenario el Malec\u00f3n Costero y se cont\u00f3 con la presencia de la Diputada Federal Tania Cruz Santos, la Presidenta del DIF Esther Mortera Zetina, el cabildo de Coatzacoalcos, y altos mandos de la Secretar\u00eda de Marina.<\/p>\n\n\n\n<p><\/p>\n\n\n\n<p>Fuente: Redacci\u00f3n<\/p>\n\n\n\n<p><\/p>\n","protected":false},"excerpt":{"rendered":"<p>La celebraci\u00f3n de los \u201c500 a\u00f1os de la Fundaci\u00f3n de la Villa del Esp\u00edritu Santo\u201d promovida por el Ayuntamiento de Coatzacoalcos, que preside Amado Jes\u00fas Cruz Malpica, recorrer\u00e1 diversos estados de la Rep\u00fablica Mexicana a trav\u00e9s del autob\u00fas de la l\u00ednea ADO. A trav\u00e9s de la empresa ADO, la celebraci\u00f3n de los \u201c500 a\u00f1os de<a class=\"read-more\" href=\"https:\/\/globalnewsmexico.com\/sitio\/los-500-anos-de-coatzacoalcos-se-haran-presentes-en-la-republica-mexicana\/\">Leer m\u00e1s<\/a><\/p>\n","protected":false},"author":5,"featured_media":67302,"comment_status":"closed","ping_status":"open","sticky":false,"template":"","format":"standard","meta":{"spay_email":"","footnotes":""},"categories":[37,8,50,52],"tags":[],"jetpack_featured_media_url":"https:\/\/i1.wp.com\/globalnewsmexico.com\/sitio\/wp-content\/uploads\/2022\/06\/6-de-junio-9.jpg?fit=1040%2C645&ssl=1","jetpack_sharing_enabled":true,"jetpack_shortlink":"https:\/\/wp.me\/p9yqPL-hvv","jetpack_likes_enabled":true,"_links":{"self":[{"href":"https:\/\/globalnewsmexico.com\/sitio\/wp-json\/wp\/v2\/posts\/67301"}],"collection":[{"href":"https:\/\/globalnewsmexico.com\/sitio\/wp-json\/wp\/v2\/posts"}],"about":[{"href":"https:\/\/globalnewsmexico.com\/sitio\/wp-json\/wp\/v2\/types\/post"}],"author":[{"embeddable":true,"href":"https:\/\/globalnewsmexico.com\/sitio\/wp-json\/wp\/v2\/users\/5"}],"replies":[{"embeddable":true,"href":"https:\/\/globalnewsmexico.com\/sitio\/wp-json\/wp\/v2\/comments?post=67301"}],"version-history":[{"count":0,"href":"https:\/\/globalnewsmexico.com\/sitio\/wp-json\/wp\/v2\/posts\/67301\/revisions"}],"wp:featuredmedia":[{"embeddable":true,"href":"https:\/\/globalnewsmexico.com\/sitio\/wp-json\/wp\/v2\/media\/67302"}],"wp:attachment":[{"href":"https:\/\/globalnewsmexico.com\/sitio\/wp-json\/wp\/v2\/media?parent=67301"}],"wp:term":[{"taxonomy":"category","embeddable":true,"href":"https:\/\/globalnewsmexico.com\/sitio\/wp-json\/wp\/v2\/categories?post=67301"},{"taxonomy":"post_tag","embeddable":true,"href":"https:\/\/globalnewsmexico.com\/sitio\/wp-json\/wp\/v2\/tags?post=67301"}],"curies":[{"name":"wp","href":"https:\/\/api.w.org\/{rel}","templated":true}]}}