{"id":67321,"date":"2022-06-09T09:37:08","date_gmt":"2022-06-09T14:37:08","guid":{"rendered":"http:\/\/globalnewsmexico.com\/sitio\/?p=67321"},"modified":"2022-06-09T09:37:11","modified_gmt":"2022-06-09T14:37:11","slug":"se-suma-coatzacoalcos-a-jornada-estatal-de-limpieza-de-playas","status":"publish","type":"post","link":"https:\/\/globalnewsmexico.com\/sitio\/se-suma-coatzacoalcos-a-jornada-estatal-de-limpieza-de-playas\/","title":{"rendered":"Se suma Coatzacoalcos a jornada estatal de limpieza de playas"},"content":{"rendered":"\n<p>En el marco del \u201cD\u00eda Mundial de los Oc\u00e9anos\u201d que se conmemora cada 8 de junio, el Ayuntamiento de Coatzacoalcos se sum\u00f3 a las jornadas de limpieza de playas realizada de manera simult\u00e1nea en nueve municipios de Veracruz.<\/p>\n\n\n\n<p>Guillermo Fern\u00e1ndez S\u00e1nchez, titular de la Secretar\u00eda de Desarrollo Social de Veracruz, resalt\u00f3 la importancia de accionar y no solo proponer para cuidar los ecosistemas, se\u00f1alando que esta administraci\u00f3n busca precisamente fomentar el cuidado y la preservaci\u00f3n del mismo.<\/p>\n\n\n\n<p>\u201cYo creo que la cultura del medio ambiente es un tema de la sociedad civil, el propio gobierno y las empresas privadas, tenemos que poner de nuestra parte. Con este gobierno queremos dar muestra de que somos diferentes y que estamos preocupados por el tema ambiental\u201d, expres\u00f3.<\/p>\n\n\n\n<p>Durante esta ma\u00f1ana m\u00e1s de 450 personas entre ni\u00f1os, j\u00f3venes, y adultos se dieron cita en la Pir\u00e1mide del Malec\u00f3n para iniciar con la colecta de basura a lo largo de m\u00e1s de un kil\u00f3metro de playa juntando 1,109 kg de residuos s\u00f3lidos.<\/p>\n\n\n\n<p>Por su parte, Arturo Delgadillo Medina, Director General de Obras P\u00fablicas, Desarrollo Urbano y Medio Ambiente Municipal, detall\u00f3 que estas acciones respaldadas por el Presidente Municipal Amado Cruz Malpica, se continuar\u00e1n realizando y se seguir\u00e1 forjando el trabajo colaborativo.<\/p>\n\n\n\n<p>\u201cHoy es un d\u00eda que es para tener conciencia de mantener nuestro planeta limpio, evitar contaminar el medio ambiente y en este caso mantener limpias nuestras playas, sabemos que el gobierno, la ciudadan\u00eda y el sector privado deben ser una amalgama para que los proyectos se puedan aterrizar\u201d, dijo.<\/p>\n\n\n\n<p>Para esta actividad se cont\u00f3 con la participaci\u00f3n de empresas como: Brigadas Sector Industrial y Hotelero, Braskem Idesa, Oxiteno M\u00e9xico planta Coatzacoalcos, Administraci\u00f3n del Sistema Portuario Nacional de Coatzacoalcos, Hotel ONE Coatzacoalcos, Permaducto, y MADISA.<\/p>\n\n\n\n<p>Estuvieron presentes autoridades estatales como: Ivan Mezquita Alonso, representante de la SEDEMA; David Estrada Soto, de PROGOB; Analleli Aguilar Mendoza, del Consejo Veracruzano de la Agenda 2030, y Bulmaro Salazar Hern\u00e1ndez, de SEMSyS.<\/p>\n\n\n\n<p>El sector acad\u00e9mico de la regi\u00f3n tambi\u00e9n se involucr\u00f3 en estas acciones contando con la Universidad Veracruzana, ITESCO, ESIAPI, Primaria Mar\u00eda Enriqueta Camarillo, CONALEP 58, TEBAEV de Coatzacoalcos y el Instituto Tecnol\u00f3gico de Minatitl\u00e1n.<\/p>\n\n\n\n<p>Adem\u00e1s, se sumaron integrantes de asociaciones civiles como: Quetzalli, Grupo 10 Scouts, y Trabajemos Hoy para Disfrutar el Ma\u00f1ana.<\/p>\n\n\n\n<p>Cabe hacer menci\u00f3n que los integrantes de la comuna edilicia tambi\u00e9n participaron en esta jornada como: el Regidor Primero, Isidro Enrique Villegas; Regidor Tercero, \u00c1ngel Echevarr\u00eda; Regidor Quinto, Emir S\u00e1nchez V\u00e1zquez; Regidora Sexta, Mayra Guti\u00e9rrez; Regidora S\u00e9ptima, Carmen de Jes\u00fas L\u00f3pez Ramos; Regidora Octava, Silvia Patricia Hong, y el Regidor Noveno, Gersa\u00edn Hidalgo Cruz.<\/p>\n\n\n\n<p>Del mismo modo, estuvieron presentes la Directora de Desarrollo Social, Margarita Santopietro Peralta, y la Directora de Educaci\u00f3n, Yolanda Garc\u00eda Garay.<\/p>\n\n\n\n<p><\/p>\n\n\n\n<p>Fuente: Redacci\u00f3n<\/p>\n\n\n\n<p><\/p>\n","protected":false},"excerpt":{"rendered":"<p>En el marco del \u201cD\u00eda Mundial de los Oc\u00e9anos\u201d que se conmemora cada 8 de junio, el Ayuntamiento de Coatzacoalcos se sum\u00f3 a las jornadas de limpieza de playas realizada de manera simult\u00e1nea en nueve municipios de Veracruz. Guillermo Fern\u00e1ndez S\u00e1nchez, titular de la Secretar\u00eda de Desarrollo Social de Veracruz, resalt\u00f3 la importancia de accionar<a class=\"read-more\" href=\"https:\/\/globalnewsmexico.com\/sitio\/se-suma-coatzacoalcos-a-jornada-estatal-de-limpieza-de-playas\/\">Leer m\u00e1s<\/a><\/p>\n","protected":false},"author":5,"featured_media":67322,"comment_status":"closed","ping_status":"open","sticky":false,"template":"","format":"standard","meta":{"spay_email":"","footnotes":""},"categories":[37,8,50,52],"tags":[],"jetpack_featured_media_url":"https:\/\/i1.wp.com\/globalnewsmexico.com\/sitio\/wp-content\/uploads\/2022\/06\/9-de-junio-1.jpg?fit=1040%2C693&ssl=1","jetpack_sharing_enabled":true,"jetpack_shortlink":"https:\/\/wp.me\/p9yqPL-hvP","jetpack_likes_enabled":true,"_links":{"self":[{"href":"https:\/\/globalnewsmexico.com\/sitio\/wp-json\/wp\/v2\/posts\/67321"}],"collection":[{"href":"https:\/\/globalnewsmexico.com\/sitio\/wp-json\/wp\/v2\/posts"}],"about":[{"href":"https:\/\/globalnewsmexico.com\/sitio\/wp-json\/wp\/v2\/types\/post"}],"author":[{"embeddable":true,"href":"https:\/\/globalnewsmexico.com\/sitio\/wp-json\/wp\/v2\/users\/5"}],"replies":[{"embeddable":true,"href":"https:\/\/globalnewsmexico.com\/sitio\/wp-json\/wp\/v2\/comments?post=67321"}],"version-history":[{"count":0,"href":"https:\/\/globalnewsmexico.com\/sitio\/wp-json\/wp\/v2\/posts\/67321\/revisions"}],"wp:featuredmedia":[{"embeddable":true,"href":"https:\/\/globalnewsmexico.com\/sitio\/wp-json\/wp\/v2\/media\/67322"}],"wp:attachment":[{"href":"https:\/\/globalnewsmexico.com\/sitio\/wp-json\/wp\/v2\/media?parent=67321"}],"wp:term":[{"taxonomy":"category","embeddable":true,"href":"https:\/\/globalnewsmexico.com\/sitio\/wp-json\/wp\/v2\/categories?post=67321"},{"taxonomy":"post_tag","embeddable":true,"href":"https:\/\/globalnewsmexico.com\/sitio\/wp-json\/wp\/v2\/tags?post=67321"}],"curies":[{"name":"wp","href":"https:\/\/api.w.org\/{rel}","templated":true}]}}