{"id":67362,"date":"2022-06-14T22:07:26","date_gmt":"2022-06-15T03:07:26","guid":{"rendered":"http:\/\/globalnewsmexico.com\/sitio\/?p=67362"},"modified":"2022-06-14T22:07:29","modified_gmt":"2022-06-15T03:07:29","slug":"avala-congreso-auditoria-estatal-a-grupo-mas","status":"publish","type":"post","link":"https:\/\/globalnewsmexico.com\/sitio\/avala-congreso-auditoria-estatal-a-grupo-mas\/","title":{"rendered":"Avala Congreso auditor\u00eda estatal a Grupo MAS"},"content":{"rendered":"\n<p>Aprueban Punto de Acuerdo de la Junta de Coordinaci\u00f3n Pol\u00edtica, en atenci\u00f3n a las quejas de la poblaci\u00f3n de los municipios de Veracruz y Medell\u00edn de Bravo.<\/p>\n\n\n\n<p>El Pleno de la LXVI Legislatura aprob\u00f3 el Punto de Acuerdo de la Junta de Coordinaci\u00f3n Pol\u00edtica (Jucopo) relativo a la ejecuci\u00f3n de procesos de fiscalizaci\u00f3n, supervisi\u00f3n, control y vigilancia, por parte de distintas instancias estatales, sobre la empresa concesionaria denominada Grupo Metropolitano de Agua y Saneamiento S. A. P. I. de C. V.<\/p>\n\n\n\n<p>El Punto de Acuerdo, por el que se exhorta al \u00d3rgano de Fiscalizaci\u00f3n Superior del estado (Orfis), a la Procuradur\u00eda Estatal de Protecci\u00f3n al Medio Ambiente (PMA) y a la Secretar\u00eda de Salud del Gobierno del Estado de Veracruz de Ignacio de la Llave, para que, en uso de sus atribuciones, ejecuten dichas acciones, deriva del anteproyecto presentado por el diputado Fernando Arteaga Aponte, el pasado 25 de mayo.<\/p>\n\n\n\n<p>La propuesta referida demanda exhortar a diversas autoridades estatales para que, en el \u00e1mbito de su competencia y del marco legal que les faculta, atiendan las quejas acerca de la calidad del agua potable que es suministrada a las y los usuarios dom\u00e9sticos y no dom\u00e9sticos en los municipios de Veracruz y Medell\u00edn de Bravo.<\/p>\n\n\n\n<p>Seg\u00fan consta en el documento dado a conocer durante la Quinta Sesi\u00f3n Ordinaria, la y los integrantes de la Jucopo suscribieron el proyecto del legislador representante del Distrito XIV-Veracruz I, con la finalidad de que se garanticen el acceso, la disposici\u00f3n y el saneamiento del agua para consumo personal y dom\u00e9stico, en las mejores condiciones de suficiencia y salubridad, como un derecho humano b\u00e1sico de las y los veracruzanos.<\/p>\n\n\n\n<p>En la discusi\u00f3n del proyecto, desde la tribuna, participaron la diputada Margarita Corro Mendoza y los legisladores Miguel David Hermida Copado, Jaime Enrique de la Garza Mart\u00ednez y Jos\u00e9 Magdaleno Rosales Torres<\/p>\n\n\n\n<p><\/p>\n\n\n\n<p>Fuente: Redacci\u00f3n<\/p>\n\n\n\n<p><\/p>\n","protected":false},"excerpt":{"rendered":"<p>Aprueban Punto de Acuerdo de la Junta de Coordinaci\u00f3n Pol\u00edtica, en atenci\u00f3n a las quejas de la poblaci\u00f3n de los municipios de Veracruz y Medell\u00edn de Bravo. El Pleno de la LXVI Legislatura aprob\u00f3 el Punto de Acuerdo de la Junta de Coordinaci\u00f3n Pol\u00edtica (Jucopo) relativo a la ejecuci\u00f3n de procesos de fiscalizaci\u00f3n, supervisi\u00f3n, control<a class=\"read-more\" href=\"https:\/\/globalnewsmexico.com\/sitio\/avala-congreso-auditoria-estatal-a-grupo-mas\/\">Leer m\u00e1s<\/a><\/p>\n","protected":false},"author":5,"featured_media":67363,"comment_status":"closed","ping_status":"open","sticky":false,"template":"","format":"standard","meta":{"spay_email":"","footnotes":""},"categories":[37,8,50,52],"tags":[],"jetpack_featured_media_url":"https:\/\/i0.wp.com\/globalnewsmexico.com\/sitio\/wp-content\/uploads\/2022\/06\/14-de-junio-3.jpg?fit=1040%2C693&ssl=1","jetpack_sharing_enabled":true,"jetpack_shortlink":"https:\/\/wp.me\/p9yqPL-hwu","jetpack_likes_enabled":true,"_links":{"self":[{"href":"https:\/\/globalnewsmexico.com\/sitio\/wp-json\/wp\/v2\/posts\/67362"}],"collection":[{"href":"https:\/\/globalnewsmexico.com\/sitio\/wp-json\/wp\/v2\/posts"}],"about":[{"href":"https:\/\/globalnewsmexico.com\/sitio\/wp-json\/wp\/v2\/types\/post"}],"author":[{"embeddable":true,"href":"https:\/\/globalnewsmexico.com\/sitio\/wp-json\/wp\/v2\/users\/5"}],"replies":[{"embeddable":true,"href":"https:\/\/globalnewsmexico.com\/sitio\/wp-json\/wp\/v2\/comments?post=67362"}],"version-history":[{"count":0,"href":"https:\/\/globalnewsmexico.com\/sitio\/wp-json\/wp\/v2\/posts\/67362\/revisions"}],"wp:featuredmedia":[{"embeddable":true,"href":"https:\/\/globalnewsmexico.com\/sitio\/wp-json\/wp\/v2\/media\/67363"}],"wp:attachment":[{"href":"https:\/\/globalnewsmexico.com\/sitio\/wp-json\/wp\/v2\/media?parent=67362"}],"wp:term":[{"taxonomy":"category","embeddable":true,"href":"https:\/\/globalnewsmexico.com\/sitio\/wp-json\/wp\/v2\/categories?post=67362"},{"taxonomy":"post_tag","embeddable":true,"href":"https:\/\/globalnewsmexico.com\/sitio\/wp-json\/wp\/v2\/tags?post=67362"}],"curies":[{"name":"wp","href":"https:\/\/api.w.org\/{rel}","templated":true}]}}