{"id":67428,"date":"2022-06-23T19:03:08","date_gmt":"2022-06-24T00:03:08","guid":{"rendered":"http:\/\/globalnewsmexico.com\/sitio\/?p=67428"},"modified":"2022-06-23T19:03:11","modified_gmt":"2022-06-24T00:03:11","slug":"realizan-actividad-fisica-personal-del-ayuntamiento-de-minatitlan","status":"publish","type":"post","link":"https:\/\/globalnewsmexico.com\/sitio\/realizan-actividad-fisica-personal-del-ayuntamiento-de-minatitlan\/","title":{"rendered":"Realizan actividad f\u00edsica personal del Ayuntamiento de Minatitl\u00e1n"},"content":{"rendered":"\n<p>Personal del Gobierno de Minatitl\u00e1n que preside la doctora Carmen Medel Palma, inici\u00f3 el programa de unificaci\u00f3n de personal, denominada \u201cActividad f\u00edsica laboral\u201d.<\/p>\n\n\n\n<p>La cual consta de realizar rutinas de ejercicio antes de iniciar la jornada laboral con el objetivo de prevenir enfermedades, liberar tensiones de estr\u00e9s, adem\u00e1s de mantenerse activos durante las horas de trabajo.<\/p>\n\n\n\n<p>Estas din\u00e1micas de ejercicio se realizan durante los d\u00edas lunes, mi\u00e9rcoles y viernes en horario de 8:00 de la ma\u00f1ana, en la explanada del Palacio Municipal, donde se re\u00fane personal de todas las \u00e1reas a esta actividad que realiza Erick Soto encargado de la Jefatura de Deporte.<\/p>\n\n\n\n<p>\u201cIniciamos con ejercicios de bajo impacto, de estiramiento y dinamismo, hacer ejercicio en la ma\u00f1ana permite tener un control mayor del peso\u201d explic\u00f3.<\/p>\n\n\n\n<p>Por su parte el jefe de Salud, Salvador S\u00e1nchez, coment\u00f3 que es necesario realizar ejercicio, de esta forma podemos evitar enfermedades.<\/p>\n\n\n\n<p>\u201cActualmente existe un gran \u00edndice de personas con problemas de obesidad, diabetes e hipertensi\u00f3n, y este tipo de ejercicios forman parte de los tratamientos que recomiendan los doctores\u201d, indic\u00f3.<\/p>\n\n\n\n<p>Al igual dijo que estas actividades forman parte del plan de trabajo que ha realizado la alcaldesa quien se ha preocupado por mejorar la calidad de vida del personal que colabora en el Gobierno de Minatitl\u00e1n.<\/p>\n\n\n\n<p><\/p>\n\n\n\n<p>Fuente: Redacci\u00f3n<\/p>\n\n\n\n<p><\/p>\n","protected":false},"excerpt":{"rendered":"<p>Personal del Gobierno de Minatitl\u00e1n que preside la doctora Carmen Medel Palma, inici\u00f3 el programa de unificaci\u00f3n de personal, denominada \u201cActividad f\u00edsica laboral\u201d. La cual consta de realizar rutinas de ejercicio antes de iniciar la jornada laboral con el objetivo de prevenir enfermedades, liberar tensiones de estr\u00e9s, adem\u00e1s de mantenerse activos durante las horas de<a class=\"read-more\" href=\"https:\/\/globalnewsmexico.com\/sitio\/realizan-actividad-fisica-personal-del-ayuntamiento-de-minatitlan\/\">Leer m\u00e1s<\/a><\/p>\n","protected":false},"author":5,"featured_media":67429,"comment_status":"closed","ping_status":"open","sticky":false,"template":"","format":"standard","meta":{"spay_email":"","footnotes":""},"categories":[37,8,50,52],"tags":[],"jetpack_featured_media_url":"https:\/\/i1.wp.com\/globalnewsmexico.com\/sitio\/wp-content\/uploads\/2022\/06\/23-de-junio-3.jpg?fit=1040%2C692&ssl=1","jetpack_sharing_enabled":true,"jetpack_shortlink":"https:\/\/wp.me\/p9yqPL-hxy","jetpack_likes_enabled":true,"_links":{"self":[{"href":"https:\/\/globalnewsmexico.com\/sitio\/wp-json\/wp\/v2\/posts\/67428"}],"collection":[{"href":"https:\/\/globalnewsmexico.com\/sitio\/wp-json\/wp\/v2\/posts"}],"about":[{"href":"https:\/\/globalnewsmexico.com\/sitio\/wp-json\/wp\/v2\/types\/post"}],"author":[{"embeddable":true,"href":"https:\/\/globalnewsmexico.com\/sitio\/wp-json\/wp\/v2\/users\/5"}],"replies":[{"embeddable":true,"href":"https:\/\/globalnewsmexico.com\/sitio\/wp-json\/wp\/v2\/comments?post=67428"}],"version-history":[{"count":0,"href":"https:\/\/globalnewsmexico.com\/sitio\/wp-json\/wp\/v2\/posts\/67428\/revisions"}],"wp:featuredmedia":[{"embeddable":true,"href":"https:\/\/globalnewsmexico.com\/sitio\/wp-json\/wp\/v2\/media\/67429"}],"wp:attachment":[{"href":"https:\/\/globalnewsmexico.com\/sitio\/wp-json\/wp\/v2\/media?parent=67428"}],"wp:term":[{"taxonomy":"category","embeddable":true,"href":"https:\/\/globalnewsmexico.com\/sitio\/wp-json\/wp\/v2\/categories?post=67428"},{"taxonomy":"post_tag","embeddable":true,"href":"https:\/\/globalnewsmexico.com\/sitio\/wp-json\/wp\/v2\/tags?post=67428"}],"curies":[{"name":"wp","href":"https:\/\/api.w.org\/{rel}","templated":true}]}}