{"id":67461,"date":"2022-06-30T21:06:26","date_gmt":"2022-07-01T02:06:26","guid":{"rendered":"http:\/\/globalnewsmexico.com\/sitio\/?p=67461"},"modified":"2022-06-30T21:06:29","modified_gmt":"2022-07-01T02:06:29","slug":"redoblar-seguridad-en-alamo-temapache-pide-diputada-elizabeth-cervantes","status":"publish","type":"post","link":"https:\/\/globalnewsmexico.com\/sitio\/redoblar-seguridad-en-alamo-temapache-pide-diputada-elizabeth-cervantes\/","title":{"rendered":"Redoblar seguridad en \u00c1lamo-Temapache, pide diputada Elizabeth Cervantes"},"content":{"rendered":"\n<p>Plantea que el Congreso exhorte a los tres \u00f3rdenes de gobierno y a la FGE a intensificar acciones y esclarecer il\u00edcitos.<\/p>\n\n\n\n<p>La diputada Elizabeth Cervantes de la Cruz present\u00f3 al Pleno legislativo un Anteproyecto de Punto de Acuerdo por el que se exhorta a los tres \u00f3rdenes de gobierno a intensificar las acciones en materia de seguridad en el municipio de \u00c1lamo Temapache y a la Fiscal\u00eda General del Estado (FGE) a esclarecer diversos il\u00edcitos ocurridos en ese municipio.<\/p>\n\n\n\n<p>Dicho proyecto propone que este Congreso exhorte respetuosamente a los gobiernos federal, estatal y municipal a reforzar las acciones y fortalecer las pol\u00edticas p\u00fablicas en materia de seguridad implementadas en dicha demarcaci\u00f3n y solicite el env\u00edo de un mayor n\u00famero de elementos de seguridad, la identificaci\u00f3n plena de las zonas con mayor \u00edndice de criminalidad y que en \u00e9stas se ajuste la periodicidad con la que se realizan recorridos y patrullajes.<\/p>\n\n\n\n<p>Asimismo, que se incremente el n\u00famero de operativos, mismos que en todo momento deber\u00e1n garantizar la seguridad y los derechos humanos de la poblaci\u00f3n civil, entre otras acciones que a juicio de las Secretar\u00edas del ramo y del Ayuntamiento, deban implementarse para el combate a los altos \u00edndices de inseguridad que aquejan al municipio.<\/p>\n\n\n\n<p>El exhorto de la diputada Elizabeth Cervantes incluye tambi\u00e9n a la FGE, a fin de que realice las acciones necesarias para esclarecer los hechos ocurridos en el municipio mencionado, logre la sanci\u00f3n a quienes sean responsables de los il\u00edcitos y acerque la justicia a las v\u00edctimas directas y a sus familias.<\/p>\n\n\n\n<p>La representante del Distrito IV reconoci\u00f3 los esfuerzos coordinados en materia de seguridad p\u00fablica realizados por los gobiernos federal y estatal en ese municipio del norte del estado, y record\u00f3 que, en 2021, este Poder Legislativo aprob\u00f3 reformas a la Ley Org\u00e1nica del Municipio Libre, que promueven la capacitaci\u00f3n permanente e integral de la Polic\u00eda Municipal y que obliga a que esta se lleve a cabo en instituciones certificadas por el Secretariado Ejecutivo del Sistema Nacional de Seguridad P\u00fablica.<\/p>\n\n\n\n<p>En virtud de que para resolver el tema de seguridad en \u00c1lamo Temapache, dijo la Diputada, no basta solo con reformas legales, es necesario adem\u00e1s reforzar las acciones y fortalecer las pol\u00edticas p\u00fablicas. A\u00f1adi\u00f3 que en esta labor es de suma importancia la participaci\u00f3n del gobierno municipal.<\/p>\n\n\n\n<p>\u201cNuestro pueblo merece que los poderes del Estado y sus instituciones redoblemos esfuerzos, a fin de resolver el grave problema de seguridad que desde a\u00f1ejas administraciones nos aqueja y no nos permite vivir en paz y armon\u00eda\u201d, concluy\u00f3 Cervantes de la Cruz.<\/p>\n\n\n\n<p>Al Anteproyecto de Punto de Acuerdo, turnado a la Junta de Coordinaci\u00f3n Pol\u00edtica, se adhirieron las diputadas Ruth Callejas Rold\u00e1n, Nora J\u00e9ssica Lagunes J\u00e1uregui, Arianna Guadalupe \u00c1ngeles Aguirre, Citlali Medell\u00edn Careaga, Anil\u00fa Ingram Vallines, Maribel Ram\u00edrez Topete, Ver\u00f3nica Pulido Herrera y Ana Miriam Ferr\u00e1ez Centeno, as\u00ed como los diputados Ram\u00f3n D\u00edaz \u00c1vila y Roberto Francisco San Rom\u00e1n Solana.<\/p>\n\n\n\n<p><\/p>\n\n\n\n<p>Fuente: Redacci\u00f3n<\/p>\n\n\n\n<p><\/p>\n","protected":false},"excerpt":{"rendered":"<p>Plantea que el Congreso exhorte a los tres \u00f3rdenes de gobierno y a la FGE a intensificar acciones y esclarecer il\u00edcitos. La diputada Elizabeth Cervantes de la Cruz present\u00f3 al Pleno legislativo un Anteproyecto de Punto de Acuerdo por el que se exhorta a los tres \u00f3rdenes de gobierno a intensificar las acciones en materia<a class=\"read-more\" href=\"https:\/\/globalnewsmexico.com\/sitio\/redoblar-seguridad-en-alamo-temapache-pide-diputada-elizabeth-cervantes\/\">Leer m\u00e1s<\/a><\/p>\n","protected":false},"author":5,"featured_media":67462,"comment_status":"closed","ping_status":"open","sticky":false,"template":"","format":"standard","meta":{"spay_email":"","footnotes":""},"categories":[37,8,50,52],"tags":[],"jetpack_featured_media_url":"https:\/\/i1.wp.com\/globalnewsmexico.com\/sitio\/wp-content\/uploads\/2022\/06\/30-de-junio-2.jpg?fit=1040%2C645&ssl=1","jetpack_sharing_enabled":true,"jetpack_shortlink":"https:\/\/wp.me\/p9yqPL-hy5","jetpack_likes_enabled":true,"_links":{"self":[{"href":"https:\/\/globalnewsmexico.com\/sitio\/wp-json\/wp\/v2\/posts\/67461"}],"collection":[{"href":"https:\/\/globalnewsmexico.com\/sitio\/wp-json\/wp\/v2\/posts"}],"about":[{"href":"https:\/\/globalnewsmexico.com\/sitio\/wp-json\/wp\/v2\/types\/post"}],"author":[{"embeddable":true,"href":"https:\/\/globalnewsmexico.com\/sitio\/wp-json\/wp\/v2\/users\/5"}],"replies":[{"embeddable":true,"href":"https:\/\/globalnewsmexico.com\/sitio\/wp-json\/wp\/v2\/comments?post=67461"}],"version-history":[{"count":0,"href":"https:\/\/globalnewsmexico.com\/sitio\/wp-json\/wp\/v2\/posts\/67461\/revisions"}],"wp:featuredmedia":[{"embeddable":true,"href":"https:\/\/globalnewsmexico.com\/sitio\/wp-json\/wp\/v2\/media\/67462"}],"wp:attachment":[{"href":"https:\/\/globalnewsmexico.com\/sitio\/wp-json\/wp\/v2\/media?parent=67461"}],"wp:term":[{"taxonomy":"category","embeddable":true,"href":"https:\/\/globalnewsmexico.com\/sitio\/wp-json\/wp\/v2\/categories?post=67461"},{"taxonomy":"post_tag","embeddable":true,"href":"https:\/\/globalnewsmexico.com\/sitio\/wp-json\/wp\/v2\/tags?post=67461"}],"curies":[{"name":"wp","href":"https:\/\/api.w.org\/{rel}","templated":true}]}}