{"id":67478,"date":"2022-07-07T18:01:19","date_gmt":"2022-07-07T23:01:19","guid":{"rendered":"http:\/\/globalnewsmexico.com\/sitio\/?p=67478"},"modified":"2022-07-07T18:01:22","modified_gmt":"2022-07-07T23:01:22","slug":"no-mas-violencia-politica-en-razon-de-genero-contra-las-mujeres-veracruzanas","status":"publish","type":"post","link":"https:\/\/globalnewsmexico.com\/sitio\/no-mas-violencia-politica-en-razon-de-genero-contra-las-mujeres-veracruzanas\/","title":{"rendered":"No m\u00e1s violencia pol\u00edtica en raz\u00f3n de g\u00e9nero contra las mujeres veracruzanas"},"content":{"rendered":"\n<p>Participa la presidenta de la Mesa Directiva de la LXVI Legislatura, diputada Cecilia Guevara, en la presentaci\u00f3n de la Red de Mujeres Electas.<\/p>\n\n\n\n<p>En su participaci\u00f3n durante la presentaci\u00f3n de la Red de Mujeres Electas, organizado por el Organismo P\u00fablico Local Electoral (Ople) de Veracruz, la presidenta de la Mesa Directiva de la LXVI Legislatura, diputada Cecilia Guevara, afirm\u00f3 que la igualdad de g\u00e9nero es un logro en el cual no debe darse marcha atr\u00e1s, por lo cual, consider\u00f3, de suma importancia que las mujeres conozcan sus derechos y obligaciones pol\u00edticas.<\/p>\n\n\n\n<p>Ante diputadas federales y locales, senadoras y funcionarias del INE, del estado y la Federaci\u00f3n, la Diputada hizo un llamado a los ediles de los ayuntamientos del estado a respetar la ley para evitar caer en cualquier forma de violencia pol\u00edtica y a trabajar con inclusi\u00f3n, respetando los derechos pol\u00edticos de las y los servidores p\u00fablicos, \u201cporque representamos la voz de quienes tuvieron la confianza de elegirnos como sus representantes populares. No m\u00e1s violencia pol\u00edtica en raz\u00f3n de g\u00e9nero contra las mujeres\u201d, asever\u00f3.<\/p>\n\n\n\n<p>Tras enfatizar que la LXVI Legislatura es la segunda integrada de forma paritaria en Veracruz, al contar con 25 mujeres, 24 hombres y una persona no binaria, la diputada Cecilia Guevara dijo sentirse orgullosa de presidir este Congreso, \u201cporque es el reflejo de que las mujeres hemos ido ocupando espacios que antes eran impensables\u201d.<\/p>\n\n\n\n<p>Posteriormente, el OPLE-Veracruz realiz\u00f3 la presentaci\u00f3n oficial de la Red de Mujeres Electas, que tiene como prop\u00f3sito la implementaci\u00f3n de canales de comunicaci\u00f3n id\u00f3neos entre mujeres que resultaron electas en los pasados procesos comiciales, para prevenir y erradicar la violencia pol\u00edtica contra las mujeres en raz\u00f3n de g\u00e9nero.<\/p>\n\n\n\n<p>La iniciativa conjunta del Instituto Nacional Electoral (INE) y la Asociaci\u00f3n Mexicana de Consejeras y Exconsejeras Estatales Electorales A. C. (AMCEE) busca orientar, capacitar y proporcionar informaci\u00f3n a las mujeres electas, sobre las diferentes formas de ejercer violencia pol\u00edtica en el ejercicio del cargo, su prevenci\u00f3n, atenci\u00f3n y denuncia, as\u00ed como las instancias de apoyo a las cuales pueden recurrir, las medidas de protecci\u00f3n y cautelares a las que tienen derecho.<\/p>\n\n\n\n<p>Esta Red est\u00e1 integrada por presidentas municipales, s\u00edndicas, regidoras, senadoras de la Rep\u00fablica, diputadas federales y locales.<\/p>\n\n\n\n<p>Como parte del programa, se cont\u00f3 con la participaci\u00f3n del presidente del Consejo Electoral del OPLE Veracruz, Alejandro Bonilla Bonilla; la presidenta Interina de la Sala Regional Xalapa del Tribunal Electoral del Poder Judicial de la Federaci\u00f3n, Eva Barrientos Zepeda, y la magistrada del Tribunal Electoral de Veracruz, Tania Celina V\u00e1squez Mu\u00f1oz.<\/p>\n\n\n\n<p>Adem\u00e1s, la consejera electoral presidenta de la Comisi\u00f3n Permanente de Igualdad de G\u00e9nero y No Discriminaci\u00f3n del INE, Norma Irene Cruz Maga\u00f1a; la consejera electoral del Instituto Electoral del estado de Sinaloa y Presidenta de la AMCEE, Gloria Icela Garc\u00eda Cuadras; la consejera electoral presidenta de la Comisi\u00f3n Permanente de Igualdad de G\u00e9nero y No Discriminaci\u00f3n del OPLE Veracruz, Maty Lezama Mart\u00ednez, y las diputadas federales Amalia Dolores Garc\u00eda Medina y Mar\u00eda del Carmen Pinete Vargas.<\/p>\n\n\n\n<p>Asistieron a este evento las diputadas locales Adriana Esther Mart\u00ednez S\u00e1nchez, Tania Mar\u00eda Cruz Mej\u00eda, Perla Eufemia Romero Rodr\u00edguez, Gisela L\u00f3pez L\u00f3pez, Janix Liliana Castro Mu\u00f1oz, Nora J\u00e9ssica Lagunes J\u00e1uregui, Citlali Medell\u00edn Careaga y los legisladores Fernando Arteaga Aponte y Ram\u00f3n D\u00edaz \u00c1vila; as\u00ed como consejeras y consejeros del OPLE, representantes de partidos pol\u00edticos, personal administrativo del Congreso de Veracruz y p\u00fablico en general.<\/p>\n\n\n\n<p><\/p>\n\n\n\n<p>Fuente: Redacci\u00f3n<\/p>\n\n\n\n<p><\/p>\n","protected":false},"excerpt":{"rendered":"<p>Participa la presidenta de la Mesa Directiva de la LXVI Legislatura, diputada Cecilia Guevara, en la presentaci\u00f3n de la Red de Mujeres Electas. En su participaci\u00f3n durante la presentaci\u00f3n de la Red de Mujeres Electas, organizado por el Organismo P\u00fablico Local Electoral (Ople) de Veracruz, la presidenta de la Mesa Directiva de la LXVI Legislatura,<a class=\"read-more\" href=\"https:\/\/globalnewsmexico.com\/sitio\/no-mas-violencia-politica-en-razon-de-genero-contra-las-mujeres-veracruzanas\/\">Leer m\u00e1s<\/a><\/p>\n","protected":false},"author":5,"featured_media":67479,"comment_status":"closed","ping_status":"open","sticky":false,"template":"","format":"standard","meta":{"spay_email":"","footnotes":""},"categories":[37,8,50,52],"tags":[],"jetpack_featured_media_url":"https:\/\/i1.wp.com\/globalnewsmexico.com\/sitio\/wp-content\/uploads\/2022\/07\/7-de-julio.jpg?fit=1040%2C529&ssl=1","jetpack_sharing_enabled":true,"jetpack_shortlink":"https:\/\/wp.me\/p9yqPL-hym","jetpack_likes_enabled":true,"_links":{"self":[{"href":"https:\/\/globalnewsmexico.com\/sitio\/wp-json\/wp\/v2\/posts\/67478"}],"collection":[{"href":"https:\/\/globalnewsmexico.com\/sitio\/wp-json\/wp\/v2\/posts"}],"about":[{"href":"https:\/\/globalnewsmexico.com\/sitio\/wp-json\/wp\/v2\/types\/post"}],"author":[{"embeddable":true,"href":"https:\/\/globalnewsmexico.com\/sitio\/wp-json\/wp\/v2\/users\/5"}],"replies":[{"embeddable":true,"href":"https:\/\/globalnewsmexico.com\/sitio\/wp-json\/wp\/v2\/comments?post=67478"}],"version-history":[{"count":0,"href":"https:\/\/globalnewsmexico.com\/sitio\/wp-json\/wp\/v2\/posts\/67478\/revisions"}],"wp:featuredmedia":[{"embeddable":true,"href":"https:\/\/globalnewsmexico.com\/sitio\/wp-json\/wp\/v2\/media\/67479"}],"wp:attachment":[{"href":"https:\/\/globalnewsmexico.com\/sitio\/wp-json\/wp\/v2\/media?parent=67478"}],"wp:term":[{"taxonomy":"category","embeddable":true,"href":"https:\/\/globalnewsmexico.com\/sitio\/wp-json\/wp\/v2\/categories?post=67478"},{"taxonomy":"post_tag","embeddable":true,"href":"https:\/\/globalnewsmexico.com\/sitio\/wp-json\/wp\/v2\/tags?post=67478"}],"curies":[{"name":"wp","href":"https:\/\/api.w.org\/{rel}","templated":true}]}}