{"id":67552,"date":"2022-08-11T19:15:12","date_gmt":"2022-08-12T00:15:12","guid":{"rendered":"http:\/\/globalnewsmexico.com\/sitio\/?p=67552"},"modified":"2022-09-01T20:11:41","modified_gmt":"2022-09-02T01:11:41","slug":"busca-comision-de-gobernacion-fortalecer-el-consejo-estatal-ciudadano","status":"publish","type":"post","link":"https:\/\/globalnewsmexico.com\/sitio\/busca-comision-de-gobernacion-fortalecer-el-consejo-estatal-ciudadano\/","title":{"rendered":"Busca Comisi\u00f3n de Gobernaci\u00f3n fortalecer el Consejo Estatal Ciudadano"},"content":{"rendered":"\n<p>XALAPA, VER.- 11 DE AGOSTO 2022<\/p>\n\n\n\n<p>Proponen actualizar la ley en la materia para dar paso a la elecci\u00f3n de integrantes por tres a\u00f1os.<\/p>\n\n\n\n<p>La Comisi\u00f3n Permanente de Gobernaci\u00f3n de la LXVI Legislatura present\u00f3 ante la Diputaci\u00f3n Permanente una Iniciativa con Proyecto de Decreto que deroga el tercer p\u00e1rrafo del Art\u00edculo Cuarto Transitorio de la Ley en Materia de Desaparici\u00f3n de Personas para el Estado de Veracruz de Ignacio de la Llave, relativo al nombramiento de las y los integrantes del Consejo Estatal Ciudadano, \u00d3rgano del Mecanismo Estatal en Materia de B\u00fasqueda de Personas.<\/p>\n\n\n\n<p>En calidad de presidenta de dicha comisi\u00f3n legislativa, la diputada Margarita Corro Mendoza present\u00f3 la propuesta, cuyo prop\u00f3sito est\u00e1 alineado con los esfuerzos de fortalecer los mecanismos ciudadanos a trav\u00e9s de consejos para conformar, con familias v\u00edctimas de la desaparici\u00f3n de personas y con las organizaciones defensoras de los derechos humanos y expertos en la materia, un organismo que empieza a madurar y darle coherencia a la tarea sistem\u00e1tica, cient\u00edfica y humana, de la b\u00fasqueda de personas desaparecidas.<\/p>\n\n\n\n<p>La legisladora reconoci\u00f3 que, sin embargo, el Consejo Estatal que se cre\u00f3 con la ley en la materia trajo consigo un modelo de integraci\u00f3n que le permitiera su recambio de manera escalonada, a pesar de que se normaba que todo integrante durar\u00eda tres a\u00f1os; el escalonamiento qued\u00f3 asentado en el p\u00e1rrafo tercero del Art\u00edculo Cuarto Transitorio; de tal manera que \u2013explic\u00f3- fueron elegidos por uno, dos y tres a\u00f1os; una vez que esos tiempos se han agotado y que se est\u00e1n eligiendo nuevos consejeros, dicho p\u00e1rrafo es obsoleto y, por ello, debe ser derogado y dar paso a la elecci\u00f3n de consejeros de tres a\u00f1os cada uno.<\/p>\n\n\n\n<p>Refiri\u00f3 que el Consejo Estatal, en su \u00faltima reuni\u00f3n, acord\u00f3 solicitar a la Comisi\u00f3n Permanente de Gobernaci\u00f3n la presentaci\u00f3n ante esta Soberan\u00eda de dicha Iniciativa; por lo que la y los integrantes de la misma, conscientes de la necesidad de fortalecer el Consejo, valoraron la pertinencia de tal derogaci\u00f3n y procedieron de manera consecuente a presentar la propuesta.<\/p>\n\n\n\n<p>De acuerdo con su Presidenta, dicha Comisi\u00f3n, integrada tambi\u00e9n por los diputados Paul Mart\u00ednez Marie y Genaro Ib\u00e1\u00f1ez Mart\u00ednez, secretario y vocal, respectivamente, reconoce los grandes retos que impone atender la dolorosa y grave problem\u00e1tica de la desaparici\u00f3n de personas en el estado y que el andamiaje jur\u00eddico e institucional en la materia es de reciente creaci\u00f3n y, como tal, pasa por un proceso de consolidaci\u00f3n que demanda ajustes y reformas.<\/p>\n\n\n\n<p>\u201cCon hechos y acciones oportunas y necesarias, refrendamos a las v\u00edctimas de este flagelo nuestro compromiso y voluntad de cumplir con nuestro deber legislativo, actualizando el marco normativo para su beneficio\u201d, dijo la legisladora y a\u00f1adi\u00f3 que \u201clo menos que todos y todas podemos hacer es garantizarles que tendr\u00e1n plenas herramientas materiales y jur\u00eddicas para lograr su anhelado fin\u201d.<\/p>\n\n\n\n<p>Esta Iniciativa fue turnada para el tr\u00e1mite respectivo a la Comisi\u00f3n Permanente de Gobernaci\u00f3n.<\/p>\n\n\n\n<p><\/p>\n\n\n\n<p>Fuente: Redacci\u00f3n<\/p>\n\n\n\n<p><\/p>\n","protected":false},"excerpt":{"rendered":"<p>XALAPA, VER.- 11 DE AGOSTO 2022 Proponen actualizar la ley en la materia para dar paso a la elecci\u00f3n de integrantes por tres a\u00f1os. La Comisi\u00f3n Permanente de Gobernaci\u00f3n de la LXVI Legislatura present\u00f3 ante la Diputaci\u00f3n Permanente una Iniciativa con Proyecto de Decreto que deroga el tercer p\u00e1rrafo del Art\u00edculo Cuarto Transitorio de la<a class=\"read-more\" href=\"https:\/\/globalnewsmexico.com\/sitio\/busca-comision-de-gobernacion-fortalecer-el-consejo-estatal-ciudadano\/\">Leer m\u00e1s<\/a><\/p>\n","protected":false},"author":5,"featured_media":67553,"comment_status":"closed","ping_status":"open","sticky":false,"template":"","format":"standard","meta":{"spay_email":"","footnotes":""},"categories":[37,8,50,52],"tags":[],"jetpack_featured_media_url":"https:\/\/i2.wp.com\/globalnewsmexico.com\/sitio\/wp-content\/uploads\/2022\/08\/11-de-agosto-3.jpg?fit=1040%2C696&ssl=1","jetpack_sharing_enabled":true,"jetpack_shortlink":"https:\/\/wp.me\/p9yqPL-hzy","jetpack_likes_enabled":true,"_links":{"self":[{"href":"https:\/\/globalnewsmexico.com\/sitio\/wp-json\/wp\/v2\/posts\/67552"}],"collection":[{"href":"https:\/\/globalnewsmexico.com\/sitio\/wp-json\/wp\/v2\/posts"}],"about":[{"href":"https:\/\/globalnewsmexico.com\/sitio\/wp-json\/wp\/v2\/types\/post"}],"author":[{"embeddable":true,"href":"https:\/\/globalnewsmexico.com\/sitio\/wp-json\/wp\/v2\/users\/5"}],"replies":[{"embeddable":true,"href":"https:\/\/globalnewsmexico.com\/sitio\/wp-json\/wp\/v2\/comments?post=67552"}],"version-history":[{"count":0,"href":"https:\/\/globalnewsmexico.com\/sitio\/wp-json\/wp\/v2\/posts\/67552\/revisions"}],"wp:featuredmedia":[{"embeddable":true,"href":"https:\/\/globalnewsmexico.com\/sitio\/wp-json\/wp\/v2\/media\/67553"}],"wp:attachment":[{"href":"https:\/\/globalnewsmexico.com\/sitio\/wp-json\/wp\/v2\/media?parent=67552"}],"wp:term":[{"taxonomy":"category","embeddable":true,"href":"https:\/\/globalnewsmexico.com\/sitio\/wp-json\/wp\/v2\/categories?post=67552"},{"taxonomy":"post_tag","embeddable":true,"href":"https:\/\/globalnewsmexico.com\/sitio\/wp-json\/wp\/v2\/tags?post=67552"}],"curies":[{"name":"wp","href":"https:\/\/api.w.org\/{rel}","templated":true}]}}