{"id":67564,"date":"2022-08-14T16:12:02","date_gmt":"2022-08-14T21:12:02","guid":{"rendered":"http:\/\/globalnewsmexico.com\/sitio\/?p=67564"},"modified":"2022-09-01T20:25:28","modified_gmt":"2022-09-02T01:25:28","slug":"rosalba-valencia-autentica-minatitleca-defensora-de-los-intereses-del-pueblo-veracruzano-gomez-cazarin","status":"publish","type":"post","link":"https:\/\/globalnewsmexico.com\/sitio\/rosalba-valencia-autentica-minatitleca-defensora-de-los-intereses-del-pueblo-veracruzano-gomez-cazarin\/","title":{"rendered":"Rosalba Valencia, aut\u00e9ntica minatitleca defensora de los intereses del pueblo veracruzano: G\u00f3mez Cazar\u00edn"},"content":{"rendered":"\n<p>XALAPA, VER.- 14 DE AGOSTO DE 2022<\/p>\n\n\n\n<p>En su primer a\u00f1o como diputada federal ha cumplido con \u00e9tica, moral y responsabilidad para revertir la desigualdad social en Veracruz y M\u00e9xico, dijo<\/p>\n\n\n\n<p>Minatitl\u00e1n, Veracruz, 14 de agosto de 2022.- La diputada federal Rosalba Valencia representa a la aut\u00e9ntica mujer minatitleca, de lucha, fuertes ideales y convicciones que pone al servicio de los veracruzanos, y los resultados como Diputada federal son contundentes a favor de Veracruz, asegur\u00f3 el diputado local Juan Javier G\u00f3mez Cazar\u00edn.<\/p>\n\n\n\n<p>El Diputado Presidente de la Junta de Coordinaci\u00f3n Pol\u00edtica, del Congreso local, enfatiz\u00f3 que el aprecio y respaldo de la gente no se compran, se ganan participando de manera efectiva en la lucha social y siempre del lado del pueblo, como lo ha hecho la aut\u00e9ntica minatitleca, la diputada federal Rosalba Valencia.<\/p>\n\n\n\n<p>G\u00f3mez Cazar\u00edn reconoci\u00f3 los logros alcanzados por Rosalba Valencia en su primer a\u00f1o como representante del Distrito Federal XIV de Minatitl\u00e1n, quien le ha respondido al pueblo con un fuerte compromiso \u00e9tico, moral y pol\u00edtico a favor de quienes m\u00e1s lo necesitan.<\/p>\n\n\n\n<p>Enfatiz\u00f3 que ha respondido con creces a las expectativas de m\u00e1s de 97 mil personas que le dieron su voto en las urnas, porque conocen su lucha como docente y como minatitleca, la cual no es de ahora, sino de siempre.<\/p>\n\n\n\n<p>Felicit\u00f3 a la Legisladora por trabajar desde la C\u00e1mara de Diputados federal dura y arduamente por los intereses del pueblo y para cristalizar el proyecto de naci\u00f3n que encabeza el presidente Andr\u00e9s Manuel L\u00f3pez Obrador, pero tambi\u00e9n recorriendo su distrito escuchando a la gente, como hoy se hace en la Cuarta Transformaci\u00f3n.<\/p>\n\n\n\n<p>Refiri\u00f3 que en este movimiento no hay espacio para la simulaci\u00f3n; o se est\u00e1 del lado del pueblo o no, y Rosalba Valencia se ha ganado el aprecio de la ciudadan\u00eda con su trato generoso y humilde.<\/p>\n\n\n\n<p>La Diputada federal m\u00e1s votada en Veracruz rindi\u00f3 este domingo su primer informe ante el pueblo de Minatitl\u00e1n, d\u00e1ndose cita, adem\u00e1s, ciudadanos de Las Choapas, Agua Dulce, Coatzacoalcos, Cosoleacaque, Nanchital, Hueyapan de Ocampo, Uxpanapa, Los Tuxtlas y Cosamaloapan.<\/p>\n\n\n\n<p>De igual forma, Eleazar Guerrero, Zenyazen Escobar Garc\u00eda, V\u00edctor Palacios y legisladores locales como Perla Romero, Paul Mart\u00ednez y Sergio Guzm\u00e1n, as\u00ed como el secretario general del Congreso, Domingo Bahena, entre otras personalidades.<\/p>\n\n\n\n<p><\/p>\n\n\n\n<p>Fuente: Redacci\u00f3n<\/p>\n\n\n\n<p><\/p>\n","protected":false},"excerpt":{"rendered":"<p>XALAPA, VER.- 14 DE AGOSTO DE 2022 En su primer a\u00f1o como diputada federal ha cumplido con \u00e9tica, moral y responsabilidad para revertir la desigualdad social en Veracruz y M\u00e9xico, dijo Minatitl\u00e1n, Veracruz, 14 de agosto de 2022.- La diputada federal Rosalba Valencia representa a la aut\u00e9ntica mujer minatitleca, de lucha, fuertes ideales y convicciones<a class=\"read-more\" href=\"https:\/\/globalnewsmexico.com\/sitio\/rosalba-valencia-autentica-minatitleca-defensora-de-los-intereses-del-pueblo-veracruzano-gomez-cazarin\/\">Leer m\u00e1s<\/a><\/p>\n","protected":false},"author":5,"featured_media":67565,"comment_status":"closed","ping_status":"open","sticky":false,"template":"","format":"standard","meta":{"spay_email":"","footnotes":""},"categories":[37,8,50,52],"tags":[],"jetpack_featured_media_url":"https:\/\/i0.wp.com\/globalnewsmexico.com\/sitio\/wp-content\/uploads\/2022\/08\/14-de-agosto-1.jpg?fit=1040%2C688&ssl=1","jetpack_sharing_enabled":true,"jetpack_shortlink":"https:\/\/wp.me\/p9yqPL-hzK","jetpack_likes_enabled":true,"_links":{"self":[{"href":"https:\/\/globalnewsmexico.com\/sitio\/wp-json\/wp\/v2\/posts\/67564"}],"collection":[{"href":"https:\/\/globalnewsmexico.com\/sitio\/wp-json\/wp\/v2\/posts"}],"about":[{"href":"https:\/\/globalnewsmexico.com\/sitio\/wp-json\/wp\/v2\/types\/post"}],"author":[{"embeddable":true,"href":"https:\/\/globalnewsmexico.com\/sitio\/wp-json\/wp\/v2\/users\/5"}],"replies":[{"embeddable":true,"href":"https:\/\/globalnewsmexico.com\/sitio\/wp-json\/wp\/v2\/comments?post=67564"}],"version-history":[{"count":0,"href":"https:\/\/globalnewsmexico.com\/sitio\/wp-json\/wp\/v2\/posts\/67564\/revisions"}],"wp:featuredmedia":[{"embeddable":true,"href":"https:\/\/globalnewsmexico.com\/sitio\/wp-json\/wp\/v2\/media\/67565"}],"wp:attachment":[{"href":"https:\/\/globalnewsmexico.com\/sitio\/wp-json\/wp\/v2\/media?parent=67564"}],"wp:term":[{"taxonomy":"category","embeddable":true,"href":"https:\/\/globalnewsmexico.com\/sitio\/wp-json\/wp\/v2\/categories?post=67564"},{"taxonomy":"post_tag","embeddable":true,"href":"https:\/\/globalnewsmexico.com\/sitio\/wp-json\/wp\/v2\/tags?post=67564"}],"curies":[{"name":"wp","href":"https:\/\/api.w.org\/{rel}","templated":true}]}}