{"id":67613,"date":"2022-09-01T18:53:01","date_gmt":"2022-09-01T23:53:01","guid":{"rendered":"http:\/\/globalnewsmexico.com\/sitio\/?p=67613"},"modified":"2022-09-01T18:53:04","modified_gmt":"2022-09-01T23:53:04","slug":"aprueba-congreso-residencia-efectiva-para-ser-veracruzanos-2","status":"publish","type":"post","link":"https:\/\/globalnewsmexico.com\/sitio\/aprueba-congreso-residencia-efectiva-para-ser-veracruzanos-2\/","title":{"rendered":"Aprueba Congreso residencia efectiva para ser veracruzanos"},"content":{"rendered":"\n<p>XALAPA, VER.- 2 DE AGOSTO DE 2022<\/p>\n\n\n\n<p>Dar\u00e1 certeza y certidumbre jur\u00eddica a mexicanas y mexicanos dentro del territorio veracruzano.<\/p>\n\n\n\n<p>El Pleno de la LXVI Legislatura aprob\u00f3, con 38 votos a favor, 11 en contra y cero abstenciones, establecer en la Constituci\u00f3n Pol\u00edtica local que son veracruzanos las y los mexicanos nacidos fuera del territorio estatal que tengan hijos veracruzanos o una residencia efectiva de cinco a\u00f1os en la entidad.<\/p>\n\n\n\n<p>El dictamen por el que se adiciona la fracci\u00f3n III al Art\u00edculo 11 del m\u00e1ximo ordenamiento estatal fue presentado por la Comisi\u00f3n Permanente de Justicia y Puntos Constitucionales y deriva de la iniciativa presentada por la diputada Magaly Armenta Oliveros.<\/p>\n\n\n\n<p>De acuerdo con el dictamen, el objetivo de esta reforma es garantizar a las personas nacidas fuera del territorio veracruzano, pero con hijos originarios de la entidad y\/o con una residencia efectiva por el lapso se\u00f1alado, el goce de sus derechos humanos, al amparo de los principios de universalidad, interdependencia, indivisibilidad y progresividad.<\/p>\n\n\n\n<p>La dictaminadora coincidi\u00f3 con la proponente en que la actualizaci\u00f3n de este precepto permite dar certeza y certidumbre jur\u00eddica a las personas que por cualquier raz\u00f3n llegan a territorio veracruzano con esperanza de conocimiento, inversi\u00f3n y nuevas oportunidades de vida y que, a la postre, aportan a la entidad crecimiento y desarrollo en los \u00e1mbitos pol\u00edticos, econ\u00f3micos, sociales y culturales.<\/p>\n\n\n\n<p>Adem\u00e1s, contin\u00faa el documento, \u201cprocurar un marco legal adecuado a las necesidades reales y los requerimientos jur\u00eddicos actuales en la obtenci\u00f3n de ciudadan\u00eda veracruzana que han encontrado y demostrado un sentido de pertenencia al estado de Veracruz\u201d.<\/p>\n\n\n\n<p>Con dicha reforma, la legislaci\u00f3n veracruzana se suma a las dieciocho entidades federativas que reconocen de forma expresa e inequ\u00edvoca la posibilidad de que las personas nacidas fuera de este territorio adquieran la respectiva ciudadan\u00eda bajo criterios de residencia y v\u00ednculo afectivo, as\u00ed como a las once entidades que reconocen la ciudadan\u00eda con base en el criterio de vecindad.<\/p>\n\n\n\n<p>Posicionamientos y discusi\u00f3n<\/p>\n\n\n\n<p>En los posicionamientos, la diputada Ruth Callejas Rold\u00e1n, del partido Movimiento Ciudadano, y el legislador Miguel David Hermida Copado, del Grupo Legislativo del Partido Acci\u00f3n Nacional, presentaron objeciones a esta reforma y se\u00f1alaron los aspectos de la misma con los cuales dijeron no concordar.<\/p>\n\n\n\n<p>Por el Grupo Legislativo de Morena, la diputada Magaly Armenta Oliveros, autora de la iniciativa que dio origen al dictamen, manifest\u00f3 que lo que se persigue con esta adecuaci\u00f3n constitucional es otorgar a miles de mujeres y hombres el reconocimiento de lo que en la pr\u00e1ctica y en el coraz\u00f3n ya son: veracruzanas y veracruzanos.<\/p>\n\n\n\n<p>Dijo que este avance en la legislaci\u00f3n local es una forma de fortalecer los lazos de identidad y el esp\u00edritu de pertenencia de tantas mexicanas y mexicanos que por diversas razones est\u00e1n ligados a Veracruz y que contribuyen al progreso y bienestar social de la entidad.<\/p>\n\n\n\n<p>En la discusi\u00f3n, participaron las diputadas Ver\u00f3nica Pulido Herrera, Maribel Ram\u00edrez Topete, Eusebia Cort\u00e9s P\u00e9rez y Margarita Corro Mendoza, as\u00ed como los legisladores Bingen Rementer\u00eda Molina, Luis Fernando Cervantes Cruz, Enrique Cambranis Torres y Jaime Enrique de la Garza Mart\u00ednez.<\/p>\n\n\n\n<p><\/p>\n\n\n\n<p>Fuente: Redacci\u00f3n<\/p>\n\n\n\n<p><\/p>\n","protected":false},"excerpt":{"rendered":"<p>XALAPA, VER.- 2 DE AGOSTO DE 2022 Dar\u00e1 certeza y certidumbre jur\u00eddica a mexicanas y mexicanos dentro del territorio veracruzano. El Pleno de la LXVI Legislatura aprob\u00f3, con 38 votos a favor, 11 en contra y cero abstenciones, establecer en la Constituci\u00f3n Pol\u00edtica local que son veracruzanos las y los mexicanos nacidos fuera del territorio<a class=\"read-more\" href=\"https:\/\/globalnewsmexico.com\/sitio\/aprueba-congreso-residencia-efectiva-para-ser-veracruzanos-2\/\">Leer m\u00e1s<\/a><\/p>\n","protected":false},"author":5,"featured_media":67614,"comment_status":"closed","ping_status":"open","sticky":false,"template":"","format":"standard","meta":{"spay_email":"","footnotes":""},"categories":[37,8,50,52],"tags":[],"jetpack_featured_media_url":"https:\/\/i0.wp.com\/globalnewsmexico.com\/sitio\/wp-content\/uploads\/2022\/09\/1-de-septiembre.jpg?fit=1040%2C598&ssl=1","jetpack_sharing_enabled":true,"jetpack_shortlink":"https:\/\/wp.me\/p9yqPL-hAx","jetpack_likes_enabled":true,"_links":{"self":[{"href":"https:\/\/globalnewsmexico.com\/sitio\/wp-json\/wp\/v2\/posts\/67613"}],"collection":[{"href":"https:\/\/globalnewsmexico.com\/sitio\/wp-json\/wp\/v2\/posts"}],"about":[{"href":"https:\/\/globalnewsmexico.com\/sitio\/wp-json\/wp\/v2\/types\/post"}],"author":[{"embeddable":true,"href":"https:\/\/globalnewsmexico.com\/sitio\/wp-json\/wp\/v2\/users\/5"}],"replies":[{"embeddable":true,"href":"https:\/\/globalnewsmexico.com\/sitio\/wp-json\/wp\/v2\/comments?post=67613"}],"version-history":[{"count":0,"href":"https:\/\/globalnewsmexico.com\/sitio\/wp-json\/wp\/v2\/posts\/67613\/revisions"}],"wp:featuredmedia":[{"embeddable":true,"href":"https:\/\/globalnewsmexico.com\/sitio\/wp-json\/wp\/v2\/media\/67614"}],"wp:attachment":[{"href":"https:\/\/globalnewsmexico.com\/sitio\/wp-json\/wp\/v2\/media?parent=67613"}],"wp:term":[{"taxonomy":"category","embeddable":true,"href":"https:\/\/globalnewsmexico.com\/sitio\/wp-json\/wp\/v2\/categories?post=67613"},{"taxonomy":"post_tag","embeddable":true,"href":"https:\/\/globalnewsmexico.com\/sitio\/wp-json\/wp\/v2\/tags?post=67613"}],"curies":[{"name":"wp","href":"https:\/\/api.w.org\/{rel}","templated":true}]}}