{"id":67669,"date":"2022-09-16T16:18:17","date_gmt":"2022-09-16T21:18:17","guid":{"rendered":"http:\/\/globalnewsmexico.com\/sitio\/?p=67669"},"modified":"2022-09-16T16:18:23","modified_gmt":"2022-09-16T21:18:23","slug":"participa-presidenta-del-congreso-en-actos-conmemorativos-de-la-independencia-de-mexico","status":"publish","type":"post","link":"https:\/\/globalnewsmexico.com\/sitio\/participa-presidenta-del-congreso-en-actos-conmemorativos-de-la-independencia-de-mexico\/","title":{"rendered":"Participa presidenta del Congreso en actos conmemorativos de la Independencia de M\u00e9xico"},"content":{"rendered":"\n<p>XALAPA, VER.- 16 DE SEPTIEMBRE DE 2022<\/p>\n\n\n\n<p>En representaci\u00f3n de la LXVI Legislatura y a invitaci\u00f3n del gobernador constitucional del estado de Veracruz, ingeniero Cuitl\u00e1huac Garc\u00eda Jim\u00e9nez, la presidenta de la Mesa Directiva, diputada Cecilia Guevara, particip\u00f3 en los actos realizados con motivo del 212 Aniversario del inicio de la Independencia de M\u00e9xico.<\/p>\n\n\n\n<p>En primer t\u00e9rmino, la legisladora asisti\u00f3 al tradicional Grito, celebrado en la explanada de la Plaza Lerdo de la capital del estado y encabezado por el mandatario estatal, al que concurrieron cientos de veracruzanas y veracruzanos.<\/p>\n\n\n\n<p>Posteriormente, este 16 de septiembre asisti\u00f3 a la Guardia de Honor ante el monumento de Don Miguel Hidalgo y Costilla y al Desfile C\u00edvico Militar en el que participaron el gobernador Cuitl\u00e1huac Garc\u00eda Jim\u00e9nez, mandos militares, el secretario de Gobierno, Eric Cisneros Burgos, y la titular de la Fiscal\u00eda General del Estado, Ver\u00f3nica Hern\u00e1ndez Giad\u00e1ns.<\/p>\n\n\n\n<p><\/p>\n\n\n\n<p>Fuente: Redacci\u00f3n<\/p>\n\n\n\n<p><\/p>\n","protected":false},"excerpt":{"rendered":"<p>XALAPA, VER.- 16 DE SEPTIEMBRE DE 2022 En representaci\u00f3n de la LXVI Legislatura y a invitaci\u00f3n del gobernador constitucional del estado de Veracruz, ingeniero Cuitl\u00e1huac Garc\u00eda Jim\u00e9nez, la presidenta de la Mesa Directiva, diputada Cecilia Guevara, particip\u00f3 en los actos realizados con motivo del 212 Aniversario del inicio de la Independencia de M\u00e9xico. En primer<a class=\"read-more\" href=\"https:\/\/globalnewsmexico.com\/sitio\/participa-presidenta-del-congreso-en-actos-conmemorativos-de-la-independencia-de-mexico\/\">Leer m\u00e1s<\/a><\/p>\n","protected":false},"author":5,"featured_media":67670,"comment_status":"closed","ping_status":"open","sticky":false,"template":"","format":"standard","meta":{"spay_email":"","footnotes":""},"categories":[37,8,50,52],"tags":[],"jetpack_featured_media_url":"https:\/\/i1.wp.com\/globalnewsmexico.com\/sitio\/wp-content\/uploads\/2022\/09\/16-de-septiembre.jpg?fit=1040%2C823&ssl=1","jetpack_sharing_enabled":true,"jetpack_shortlink":"https:\/\/wp.me\/p9yqPL-hBr","jetpack_likes_enabled":true,"_links":{"self":[{"href":"https:\/\/globalnewsmexico.com\/sitio\/wp-json\/wp\/v2\/posts\/67669"}],"collection":[{"href":"https:\/\/globalnewsmexico.com\/sitio\/wp-json\/wp\/v2\/posts"}],"about":[{"href":"https:\/\/globalnewsmexico.com\/sitio\/wp-json\/wp\/v2\/types\/post"}],"author":[{"embeddable":true,"href":"https:\/\/globalnewsmexico.com\/sitio\/wp-json\/wp\/v2\/users\/5"}],"replies":[{"embeddable":true,"href":"https:\/\/globalnewsmexico.com\/sitio\/wp-json\/wp\/v2\/comments?post=67669"}],"version-history":[{"count":0,"href":"https:\/\/globalnewsmexico.com\/sitio\/wp-json\/wp\/v2\/posts\/67669\/revisions"}],"wp:featuredmedia":[{"embeddable":true,"href":"https:\/\/globalnewsmexico.com\/sitio\/wp-json\/wp\/v2\/media\/67670"}],"wp:attachment":[{"href":"https:\/\/globalnewsmexico.com\/sitio\/wp-json\/wp\/v2\/media?parent=67669"}],"wp:term":[{"taxonomy":"category","embeddable":true,"href":"https:\/\/globalnewsmexico.com\/sitio\/wp-json\/wp\/v2\/categories?post=67669"},{"taxonomy":"post_tag","embeddable":true,"href":"https:\/\/globalnewsmexico.com\/sitio\/wp-json\/wp\/v2\/tags?post=67669"}],"curies":[{"name":"wp","href":"https:\/\/api.w.org\/{rel}","templated":true}]}}