{"id":67770,"date":"2023-03-17T10:48:51","date_gmt":"2023-03-17T16:48:51","guid":{"rendered":"http:\/\/globalnewsmexico.com\/sitio\/?p=67770"},"modified":"2023-03-17T10:48:56","modified_gmt":"2023-03-17T16:48:56","slug":"corte-penal-internacional-emite-orden-de-arresto-contra-putin-por-crimenes-de-guerra","status":"publish","type":"post","link":"https:\/\/globalnewsmexico.com\/sitio\/corte-penal-internacional-emite-orden-de-arresto-contra-putin-por-crimenes-de-guerra\/","title":{"rendered":"Corte Penal Internacional emite orden de arresto contra Putin por cr\u00edmenes de guerra"},"content":{"rendered":"\n<p>La Corte Penal Internacional (CPI) emiti\u00f3 el viernes una orden de arresto contra el presidente ruso Vladimir Putin, acus\u00e1ndolo de ser responsable de los cr\u00edmenes de guerra cometidos en Ucrania. Mosc\u00fa ha negado repetidamente las acusaciones de que sus fuerzas han cometido atrocidades durante el a\u00f1o de invasi\u00f3n de su vecino.<\/p>\n\n\n\n<p>La CPI emiti\u00f3 la orden de arresto de Putin bajo sospecha de deportaci\u00f3n ilegal de ni\u00f1os y transferencia ilegal de personas del territorio de Ucrania a Rusia.\u00a0A principios de esta semana,\u00a0Reuters inform\u00f3\u00a0que se esperaba que el tribunal emitiera \u00f3rdenes de arresto, las primeras en su investigaci\u00f3n sobre el conflicto de Ucrania.<\/p>\n\n\n\n<p>La CPI dijo que su sala de instrucci\u00f3n encontr\u00f3 que\u00a0hab\u00eda \u201cmotivos razonables para creer que cada sospechoso es responsable del crimen de guerra de deportaci\u00f3n ilegal de poblaci\u00f3n y transferencia ilegal de poblaci\u00f3n\u00a0de \u00e1reas ocupadas de Ucrania a la Federaci\u00f3n Rusa, en perjuicio de ni\u00f1os ucranianos\u201d.<\/p>\n\n\n\n<p>El jueves,\u00a0una investigaci\u00f3n respaldada por la ONU\u00a0cit\u00f3 los ataques rusos contra civiles en Ucrania, incluida la tortura y el asesinato sistem\u00e1ticos en las regiones ocupadas, entre los posibles problemas que equivalen a cr\u00edmenes de guerra y posiblemente cr\u00edmenes de lesa humanidad.\u00a0Por separado, el tribunal emiti\u00f3 \u00f3rdenes de arresto contra Maria Alekseyevna Lvova-Belova, Comisionada de Rusia para los Derechos del Ni\u00f1o, por los mismos cargos.<\/p>\n\n\n\n<p>La presidencia de Ucrania celebr\u00f3 la orden de detenci\u00f3n contra el mandatario ruso, calificando que es \u00abel inicio\u00bb de una larga serie de condenas contra Putin por haber iniciado la guerra. Por su parte, el gobierno ruso critic\u00f3 y conden\u00f3 la decisi\u00f3n, diciendo que es \u00abnula\u00bb y \u00absin sentido\u00bb.<\/p>\n\n\n\n<p>\u201cLas decisiones de la Corte Penal Internacional no tienen trascendencia para nuestro pa\u00eds, ni siquiera desde el punto de vista jur\u00eddico.\u00a0Rusia no es miembro del Estatuto de Roma de la Corte Penal Internacional y no tiene obligaciones en virtud del mismo. Rusia no est\u00e1 cooperando con este organismo, y las posibles &#8216;recetas&#8217; de arresto provenientes de la Corte Internacional de Justicia ser\u00e1n legalmente nulas y sin efecto para nosotros\u00bb, dijo una vocera\u00a0del Ministerio de Exteriores ruso.\u00a0<\/p>\n\n\n\n<p><\/p>\n\n\n\n<p>Fuente: Excelsior <\/p>\n\n\n\n<p><\/p>\n","protected":false},"excerpt":{"rendered":"<p>La Corte Penal Internacional (CPI) emiti\u00f3 el viernes una orden de arresto contra el presidente ruso Vladimir Putin, acus\u00e1ndolo de ser responsable de los cr\u00edmenes de guerra cometidos en Ucrania. Mosc\u00fa ha negado repetidamente las acusaciones de que sus fuerzas han cometido atrocidades durante el a\u00f1o de invasi\u00f3n de su vecino. La CPI emiti\u00f3 la<a class=\"read-more\" href=\"https:\/\/globalnewsmexico.com\/sitio\/corte-penal-internacional-emite-orden-de-arresto-contra-putin-por-crimenes-de-guerra\/\">Leer m\u00e1s<\/a><\/p>\n","protected":false},"author":5,"featured_media":67771,"comment_status":"closed","ping_status":"open","sticky":false,"template":"","format":"standard","meta":{"spay_email":"","footnotes":""},"categories":[37,8,48,52],"tags":[],"jetpack_featured_media_url":"https:\/\/i1.wp.com\/globalnewsmexico.com\/sitio\/wp-content\/uploads\/2023\/03\/17-de-marzo-1.jpg?fit=1040%2C780&ssl=1","jetpack_sharing_enabled":true,"jetpack_shortlink":"https:\/\/wp.me\/p9yqPL-hD4","jetpack_likes_enabled":true,"_links":{"self":[{"href":"https:\/\/globalnewsmexico.com\/sitio\/wp-json\/wp\/v2\/posts\/67770"}],"collection":[{"href":"https:\/\/globalnewsmexico.com\/sitio\/wp-json\/wp\/v2\/posts"}],"about":[{"href":"https:\/\/globalnewsmexico.com\/sitio\/wp-json\/wp\/v2\/types\/post"}],"author":[{"embeddable":true,"href":"https:\/\/globalnewsmexico.com\/sitio\/wp-json\/wp\/v2\/users\/5"}],"replies":[{"embeddable":true,"href":"https:\/\/globalnewsmexico.com\/sitio\/wp-json\/wp\/v2\/comments?post=67770"}],"version-history":[{"count":0,"href":"https:\/\/globalnewsmexico.com\/sitio\/wp-json\/wp\/v2\/posts\/67770\/revisions"}],"wp:featuredmedia":[{"embeddable":true,"href":"https:\/\/globalnewsmexico.com\/sitio\/wp-json\/wp\/v2\/media\/67771"}],"wp:attachment":[{"href":"https:\/\/globalnewsmexico.com\/sitio\/wp-json\/wp\/v2\/media?parent=67770"}],"wp:term":[{"taxonomy":"category","embeddable":true,"href":"https:\/\/globalnewsmexico.com\/sitio\/wp-json\/wp\/v2\/categories?post=67770"},{"taxonomy":"post_tag","embeddable":true,"href":"https:\/\/globalnewsmexico.com\/sitio\/wp-json\/wp\/v2\/tags?post=67770"}],"curies":[{"name":"wp","href":"https:\/\/api.w.org\/{rel}","templated":true}]}}